{"id":2980,"date":"2026-02-14T11:36:32","date_gmt":"2026-02-14T11:36:32","guid":{"rendered":"https:\/\/www.newsrecorder.ro\/app\/2026\/02\/14\/munchen-2023-marco-rubio-si-anunturi-istorice-despre-geopolitica\/"},"modified":"2026-02-14T11:36:32","modified_gmt":"2026-02-14T11:36:32","slug":"munchen-2023-marco-rubio-si-anunturi-istorice-despre-geopolitica","status":"publish","type":"post","link":"https:\/\/www.newsrecorder.ro\/app\/2026\/02\/14\/munchen-2023-marco-rubio-si-anunturi-istorice-despre-geopolitica\/","title":{"rendered":"Munchen 2023: Marco Rubio \u0219i anun\u021buri istorice despre geopolitic\u0103!"},"content":{"rendered":"<p>\u00cen cadrul celei de-a doua zile a Conferin\u021bei de Securitate de la M\u00fcnchen, pre\u0219edintele Ucrainei, Volodimir Zelenski, a urcat la microfon pentru a-\u0219i prezenta discursul. Dup\u0103 o scurt\u0103 pauz\u0103, \u00een care au fost f\u0103cute declara\u021bii de c\u0103tre Keir Starmer \u0219i Ursula von der Leyen, Zelenski \u0219i-a \u00eenceput interven\u021bia cu un mesaj de recuno\u0219tin\u021b\u0103 pentru cei care ofer\u0103 suport Ucrainei, nu doar verbal, ci \u0219i prin ac\u021biuni concrete.<\/p>\n<p>El a subliniat importan\u021ba schemei PURL, care reprezint\u0103 o list\u0103 de cerin\u021be prioritare pentru Ucraina, men\u021bion\u00e2nd c\u0103 aceasta ajut\u0103 la furnizarea de arme din SUA pentru a sus\u021bine lupta \u00eempotriva agresiunii ruse\u0219ti. Pre\u0219edintele a exprimat \u00eengrijorarea sa profund\u0103, afirm\u00e2nd c\u0103 un lider nu ar trebui s\u0103 aud\u0103 vreodat\u0103 c\u0103 unit\u0103\u021bile de ap\u0103rare aerian\u0103 sunt goale \u0219i incapabile s\u0103 resping\u0103 atacurile ruse\u0219ti, mul\u021bumind totodat\u0103 Germaniei, Norvegiei \u0219i Olandei pentru sprijinul oferit, \u00een special \u00een acest domeniu critic.<\/p>\n<p>\u00cen continuare, Keir Starmer a abordat rela\u021biile dintre Regatul Unit \u0219i Uniunea European\u0103, subliniind c\u0103 acestea au devenit \u201eo oarecare urgen\u021b\u0103\u201d \u00een contextul r\u0103zboiului din Ucraina. Starmer a men\u021bionat colaborarea constant\u0103 cu SUA \u00een domeniul ap\u0103r\u0103rii \u0219i securit\u0103\u021bii, subliniind c\u0103 trebuie s\u0103 ne concentr\u0103m asupra consolid\u0103rii acestor rela\u021bii \u00een fa\u021ba provoc\u0103rilor actuale. El a ad\u0103ugat c\u0103 Regatul Unit trebuie s\u0103 se apropie mai mult de pia\u021ba unic\u0103 a UE, pentru a promova o coordonare mai bun\u0103 \u00een domeniul tehnologiei de ap\u0103rare \u0219i inteligen\u021bei artificiale.<\/p>\n<p>Starmer a men\u021bionat, de asemenea, importan\u021ba parteneriatelor cu Germania, Fran\u021ba, Italia \u0219i Polonia, precum \u0219i cu Norvegia, Canada \u0219i Turcia. El a eviden\u021biat necesitatea de a ac\u021biona rapid pentru a alinia economia Regatului Unit cu cea a Uniunii Europene, subliniind c\u0103 o mai bun\u0103 cooperare ar putea duce la o securitate sporit\u0103 \u0219i o dezvoltare economic\u0103 mai puternic\u0103 pentru ambele p\u0103r\u021bi.<\/p>\n<p>Cu toate acestea, Starmer a recunoscut c\u0103 este vital ca Europa s\u0103 \u00ee\u0219i asume \u201eresponsabilitatea principal\u0103\u201d pentru propria ap\u0103rare, av\u00e2nd \u00een vedere c\u0103 SUA \u00ee\u0219i reorienteaz\u0103 strategia de securitate. El a insistat c\u0103 Europa trebuie s\u0103 \u00ee\u0219i diversifice capacit\u0103\u021bile de ap\u0103rare \u0219i s\u0103 \u00ee\u0219i reduc\u0103 dependen\u021ba de SUA, pled\u00e2nd pentru o viziune european\u0103 mai autonom\u0103 \u00een ceea ce prive\u0219te securitatea.<\/p>\n<p>\u00cen continuare, Ursula von der Leyen a vorbit despre nevoia ca Europa s\u0103 \u00ee\u0219i \u00eent\u0103reasc\u0103 industria de ap\u0103rare, afirm\u00e2nd c\u0103 for\u021ba \u0219i descurajarea depind de capacitatea industrial\u0103 a continentului. Ea a subliniat importan\u021ba unei strategii de securitate care s\u0103 permit\u0103 Europei s\u0103 \u00ee\u0219i protejeze interesele \u0219i s\u0103 fie preg\u0103tit\u0103 s\u0103 ac\u021bioneze proactiv.<\/p>\n<p>De asemenea, von der Leyen a subliniat necesitatea de a elimina rigiditatea dintre sectorul civil \u0219i cel militar, pled\u00e2nd pentru o abordare mai integrat\u0103 \u00een care experien\u021ba Europei \u00een diverse industrii s\u0103 fie valorificat\u0103 \u00een domeniul ap\u0103r\u0103rii. Ea a afirmat c\u0103 Europa nu poate s\u0103 \u00ee\u0219i permit\u0103 s\u0103 nu ac\u021bioneze pentru a-\u0219i \u00eent\u0103ri ap\u0103rarea \u00een fa\u021ba provoc\u0103rilor actuale.<\/p>\n<p>\u00cen concluzie, Conferin\u021ba de Securitate de la M\u00fcnchen continu\u0103 s\u0103 sublinieze importan\u021ba cooper\u0103rii interna\u021bionale \u00een fa\u021ba provoc\u0103rilor globale, cu lideri care discut\u0103 despre necesitatea de a ac\u021biona \u00eempreun\u0103 pentru a asigura o Europ\u0103 mai sigur\u0103 \u0219i mai puternic\u0103. Pe parcursul zilelor urm\u0103toare, se a\u0219teapt\u0103 ca ace\u0219tia s\u0103 abordeze \u0219i alte aspecte cruciale ale rela\u021biilor interna\u021bionale \u0219i ale securit\u0103\u021bii europene.<\/p>\n","protected":false},"excerpt":{"rendered":"<p>\u00cen cadrul celei de-a doua zile a Conferin\u021bei de Securitate de la M\u00fcnchen, pre\u0219edintele Ucrainei, Volodimir Zelenski, a urcat la microfon pentru a-\u0219i prezenta discursul. Dup\u0103 o scurt\u0103 pauz\u0103, \u00een care au fost f\u0103cute declara\u021bii de c\u0103tre Keir Starmer \u0219i Ursula von der Leyen, Zelenski \u0219i-a \u00eenceput interven\u021bia cu un mesaj de recuno\u0219tin\u021b\u0103 pentru cei [&hellip;]<\/p>\n","protected":false},"author":2,"featured_media":2981,"comment_status":"open","ping_status":"open","sticky":false,"template":"","format":"standard","meta":{"jnews-multi-image_gallery":[],"jnews_single_post":[],"jnews_primary_category":[],"jnews_override_counter":[],"footnotes":""},"categories":[41],"tags":[5016,4451,4738,4945,4265,5015,682,1030],"class_list":["post-2980","post","type-post","status-publish","format-standard","has-post-thumbnail","hentry","category-externe","tag-agresiune-ruseasca","tag-aparare-aeriana","tag-conferinta-de-securitate","tag-purl","tag-sprijin-international","tag-suport-militar","tag-ucraina","tag-zelenski"],"_links":{"self":[{"href":"https:\/\/www.newsrecorder.ro\/app\/wp-json\/wp\/v2\/posts\/2980","targetHints":{"allow":["GET"]}}],"collection":[{"href":"https:\/\/www.newsrecorder.ro\/app\/wp-json\/wp\/v2\/posts"}],"about":[{"href":"https:\/\/www.newsrecorder.ro\/app\/wp-json\/wp\/v2\/types\/post"}],"author":[{"embeddable":true,"href":"https:\/\/www.newsrecorder.ro\/app\/wp-json\/wp\/v2\/users\/2"}],"replies":[{"embeddable":true,"href":"https:\/\/www.newsrecorder.ro\/app\/wp-json\/wp\/v2\/comments?post=2980"}],"version-history":[{"count":0,"href":"https:\/\/www.newsrecorder.ro\/app\/wp-json\/wp\/v2\/posts\/2980\/revisions"}],"wp:featuredmedia":[{"embeddable":true,"href":"https:\/\/www.newsrecorder.ro\/app\/wp-json\/wp\/v2\/media\/2981"}],"wp:attachment":[{"href":"https:\/\/www.newsrecorder.ro\/app\/wp-json\/wp\/v2\/media?parent=2980"}],"wp:term":[{"taxonomy":"category","embeddable":true,"href":"https:\/\/www.newsrecorder.ro\/app\/wp-json\/wp\/v2\/categories?post=2980"},{"taxonomy":"post_tag","embeddable":true,"href":"https:\/\/www.newsrecorder.ro\/app\/wp-json\/wp\/v2\/tags?post=2980"}],"curies":[{"name":"wp","href":"https:\/\/api.w.org\/{rel}","templated":true}]}}