{"id":2988,"date":"2026-02-14T11:37:45","date_gmt":"2026-02-14T11:37:45","guid":{"rendered":"https:\/\/www.newsrecorder.ro\/app\/2026\/02\/14\/merz-sua-nu-pot-actiona-singure-forta-lor-e-limitata\/"},"modified":"2026-02-14T11:37:45","modified_gmt":"2026-02-14T11:37:45","slug":"merz-sua-nu-pot-actiona-singure-forta-lor-e-limitata","status":"publish","type":"post","link":"https:\/\/www.newsrecorder.ro\/app\/2026\/02\/14\/merz-sua-nu-pot-actiona-singure-forta-lor-e-limitata\/","title":{"rendered":"Merz: \u201eSUA nu pot ac\u021biona singure, for\u021ba lor e limitat\u0103!\u201d"},"content":{"rendered":"<p>Cancelarul Friedrich Merz a f\u0103cut recent o declara\u021bie important\u0103, dezv\u0103luind c\u0103 a avut discu\u021bii preliminare cu pre\u0219edintele francez Emmanuel Macron privind posibilitatea ca Germania s\u0103 se al\u0103ture umbrelei nucleare a Fran\u021bei. Acest pas subliniaz\u0103 apelul s\u0103u c\u0103tre Europa de a dezvolta o strategie de securitate mai robust\u0103 \u0219i independent\u0103, conform unei reportaj publicat de <a href=\"https:\/\/www.theguardian.com\/world\/2026\/feb\/13\/us-not-powerful-enough-to-go-it-alone-merz-tells-munich-conference\" target=\"_blank\" rel=\"noopener\">The Guardian<\/a>.<\/p>\n<p>\u00cen cadrul unui discurs dedicat stabilirii unui ton ferm \u0219i conciliant pentru viitorul parteneriatului transatlantic, Merz a afirmat vineri c\u0103 vechea ordine interna\u021bional\u0103 s-a \u00eencheiat. \u00cen noua er\u0103 a superputernicilor, chiar \u0219i Statele Unite se confrunt\u0103 cu limite \u00een capacitatea de a ac\u021biona de una singur\u0103.<\/p>\n<p>Referindu-se la temerile exprimate de cei care au avertizat c\u0103 <a href=\"https:\/\/www.mediafax.ro\/externe\/conferinta-de-securitate-de-la-munchen-zelenski-despre-razboi-am-facut-multe-compromisuri-putin-si-prietenii-lui-nu-sunt-in-inchisoare-mesajul-lui-mark-rutte-in-privinta-nato-23686681\" target=\"_blank\" rel=\"noopener\">ordinea interna\u021bional\u0103<\/a> bazat\u0103 pe reguli este pe cale de dispari\u021bie, Merz a declarat: \u201eM\u0103 tem c\u0103 trebuie s\u0103 o spunem \u0219i mai direct. Aceast\u0103 ordine, oric\u00e2t de imperfect\u0103 ar fi fost, nu mai exist\u0103 \u00een forma sa anterioar\u0103.\u201d<\/p>\n<p>Pentru a-\u0219i sublinia mesajul, el a trecut la limba englez\u0103, afirm\u00e2nd: \u201e\u00cen era rivalit\u0103\u021bii \u00eentre marile puteri, nici m\u0103car Statele Unite nu vor fi suficient de puternice pentru a ac\u021biona singure. Dragi prieteni, a fi parte a NATO nu este doar un avantaj competitiv pentru Europa; este, de asemenea, un avantaj competitiv pentru Statele Unite.\u201d<\/p>\n<p>\u201eA\u0219adar, haide\u021bi s\u0103 repar\u0103m \u0219i s\u0103 re\u00eenviem \u00eempreun\u0103 \u00eencrederea transatlantic\u0103\u201d, a ad\u0103ugat el, subliniind importan\u021ba unit\u0103\u021bii \u00een fa\u021ba provoc\u0103rilor globale.<\/p>\n<p>Discursul cancelarului german a marcat deschiderea unei reuniuni anuale dedicat\u0103 securit\u0103\u021bii globale, la care particip\u0103 numero\u0219i lideri europeni \u0219i secretarul de stat american, Marco Rubio. Aceast\u0103 conferin\u021b\u0103 reune\u0219te figuri de v\u00e2rf din domeniul securit\u0103\u021bii, av\u00e2nd scopul de a aborda provoc\u0103rile actuale \u0219i de a consolida parteneriatele interna\u021bionale.<\/p>\n<p>Amintim c\u0103, la conferin\u021ba de anul trecut, care a avut loc la c\u00e2teva s\u0103pt\u0103m\u00e2ni dup\u0103 \u00eenceperea celui de-al doilea mandat al lui Trump, vicepre\u0219edintele american, JD Vance, a captat aten\u021bia liderilor europeni cu o prelegere despre starea democra\u021biei \u0219i a libert\u0103\u021bii de exprimare pe continent, un moment care a marcat tonul anului precedent.<\/p>\n","protected":false},"excerpt":{"rendered":"<p>Cancelarul Friedrich Merz a f\u0103cut recent o declara\u021bie important\u0103, dezv\u0103luind c\u0103 a avut discu\u021bii preliminare cu pre\u0219edintele francez Emmanuel Macron privind posibilitatea ca Germania s\u0103 se al\u0103ture umbrelei nucleare a Fran\u021bei. Acest pas subliniaz\u0103 apelul s\u0103u c\u0103tre Europa de a dezvolta o strategie de securitate mai robust\u0103 \u0219i independent\u0103, conform unei reportaj publicat de The [&hellip;]<\/p>\n","protected":false},"author":2,"featured_media":2989,"comment_status":"open","ping_status":"open","sticky":false,"template":"","format":"standard","meta":{"jnews-multi-image_gallery":[],"jnews_single_post":[],"jnews_primary_category":[],"jnews_override_counter":[],"footnotes":""},"categories":[41],"tags":[3327,699,5024,676,4752,5027,5026,5025],"class_list":["post-2988","post","type-post","status-publish","format-standard","has-post-thumbnail","hentry","category-externe","tag-emmanuel-macron","tag-europa","tag-fritz-merz","tag-germania","tag-ordine-internationala","tag-parteneriat-transatlantic","tag-strategie-de-securitate","tag-umbrela-nucleara"],"_links":{"self":[{"href":"https:\/\/www.newsrecorder.ro\/app\/wp-json\/wp\/v2\/posts\/2988","targetHints":{"allow":["GET"]}}],"collection":[{"href":"https:\/\/www.newsrecorder.ro\/app\/wp-json\/wp\/v2\/posts"}],"about":[{"href":"https:\/\/www.newsrecorder.ro\/app\/wp-json\/wp\/v2\/types\/post"}],"author":[{"embeddable":true,"href":"https:\/\/www.newsrecorder.ro\/app\/wp-json\/wp\/v2\/users\/2"}],"replies":[{"embeddable":true,"href":"https:\/\/www.newsrecorder.ro\/app\/wp-json\/wp\/v2\/comments?post=2988"}],"version-history":[{"count":0,"href":"https:\/\/www.newsrecorder.ro\/app\/wp-json\/wp\/v2\/posts\/2988\/revisions"}],"wp:featuredmedia":[{"embeddable":true,"href":"https:\/\/www.newsrecorder.ro\/app\/wp-json\/wp\/v2\/media\/2989"}],"wp:attachment":[{"href":"https:\/\/www.newsrecorder.ro\/app\/wp-json\/wp\/v2\/media?parent=2988"}],"wp:term":[{"taxonomy":"category","embeddable":true,"href":"https:\/\/www.newsrecorder.ro\/app\/wp-json\/wp\/v2\/categories?post=2988"},{"taxonomy":"post_tag","embeddable":true,"href":"https:\/\/www.newsrecorder.ro\/app\/wp-json\/wp\/v2\/tags?post=2988"}],"curies":[{"name":"wp","href":"https:\/\/api.w.org\/{rel}","templated":true}]}}