{"id":2992,"date":"2026-02-14T11:38:16","date_gmt":"2026-02-14T11:38:16","guid":{"rendered":"https:\/\/www.newsrecorder.ro\/app\/2026\/02\/14\/atac-aerian-american-trei-morti-in-operatiunea-impotriva-traficantilor-de-droguri\/"},"modified":"2026-02-14T11:38:16","modified_gmt":"2026-02-14T11:38:16","slug":"atac-aerian-american-trei-morti-in-operatiunea-impotriva-traficantilor-de-droguri","status":"publish","type":"post","link":"https:\/\/www.newsrecorder.ro\/app\/2026\/02\/14\/atac-aerian-american-trei-morti-in-operatiunea-impotriva-traficantilor-de-droguri\/","title":{"rendered":"Atac aerian american: Trei mor\u021bi \u00een opera\u021biunea \u00eempotriva trafican\u021bilor de droguri"},"content":{"rendered":"<p>Armata american\u0103 a confirmat c\u0103 ambarca\u021biunea atacat\u0103 era implicat\u0103 \u00een activit\u0103\u021bi de trafic de droguri. Comandamentul militar american pentru America Latin\u0103 \u0219i Caraibe a declarat pe re\u021beaua X c\u0103 \u201eserviciile de informa\u021bii au confirmat c\u0103 nava folosea rute cunoscute pentru traficul de droguri \u00een Caraibe \u0219i era implicat\u0103 \u00een opera\u021biuni de trafic de droguri\u201d, conform informa\u021biilor furnizate de <a href=\"https:\/\/www.lefigaro.fr\/international\/caraibes-une-frappe-americaine-contre-un-bateau-de-narcotrafiquants-presumes-fait-trois-morts-20260214\" target=\"_blank\" rel=\"noopener\">Le Figaro<\/a>.<\/p>\n<p>Pe 13 februarie, la comanda generalului Francis L. Donovan, liderul comandamentului sudic al Statelor Unite (#SOUTHCOM), For\u021bele Combinate de Opera\u021biuni Sudice au efectuat o lovitur\u0103 letal\u0103 asupra unei ambarca\u021biuni operate de organiza\u021bii desemnate ca teroriste. Informa\u021biile ob\u021binute au confirmat c\u0103 nava se afla \u00een tranzit pe rute cunoscute pentru activit\u0103\u021bile de trafic de droguri din zon\u0103, conform unui tweet de la U.S. Southern Command.<\/p>\n<p>\u00cen ciuda acestor declara\u021bii, administra\u021bia fostului pre\u0219edinte american Donald Trump nu a prezentat dovezi concludente care s\u0103 sus\u021bin\u0103 acuza\u021biile c\u0103 navele vizate erau implicate \u00een <a href=\"https:\/\/www.mediafax.ro\/externe\/ambarcatiune-lovita-de-armata-sua-in-marea-caraibilor-narcotraficantii-sunt-tinte-legitime-spune-trump-23627232\" target=\"_blank\" rel=\"noopener\">traficul de droguri<\/a>.<\/p>\n<p>Legalitatea acestei campanii, care \u00ee\u0219i propune s\u0103 combat\u0103 cartelurile ce sprijin\u0103 traficul de droguri \u00een Statele Unite, a generat controverse intense at\u00e2t pe plan interna\u021bional, c\u00e2t \u0219i \u00een r\u00e2ndul clasei politice americane. Exper\u021bi \u0219i oficiali ai ONU au criticat execut\u0103rile extrajudiciare ce au avut loc \u00een acest context.<\/p>\n<p>De asemenea, \u00een numele luptei \u00eempotriva cartelurilor de droguri, for\u021bele americane au reu\u0219it s\u0103-l captureze pe pre\u0219edintele Venezuelei, Nicolas Maduro, \u0219i pe so\u021bia sa, \u00een Caracas, la \u00eenceputul lunii ianuarie.<\/p>\n","protected":false},"excerpt":{"rendered":"<p>Armata american\u0103 a confirmat c\u0103 ambarca\u021biunea atacat\u0103 era implicat\u0103 \u00een activit\u0103\u021bi de trafic de droguri. Comandamentul militar american pentru America Latin\u0103 \u0219i Caraibe a declarat pe re\u021beaua X c\u0103 \u201eserviciile de informa\u021bii au confirmat c\u0103 nava folosea rute cunoscute pentru traficul de droguri \u00een Caraibe \u0219i era implicat\u0103 \u00een opera\u021biuni de trafic de droguri\u201d, conform [&hellip;]<\/p>\n","protected":false},"author":2,"featured_media":2993,"comment_status":"open","ping_status":"open","sticky":false,"template":"","format":"standard","meta":{"jnews-multi-image_gallery":[],"jnews_single_post":[],"jnews_primary_category":[],"jnews_override_counter":[],"footnotes":""},"categories":[41],"tags":[919,5032,5033,4916,5034,2240,2829,555],"class_list":["post-2992","post","type-post","status-publish","format-standard","has-post-thumbnail","hentry","category-externe","tag-americani","tag-caraibe","tag-forte-militare","tag-informatii","tag-nava","tag-operatiuni","tag-terorism","tag-trafic-de-droguri"],"_links":{"self":[{"href":"https:\/\/www.newsrecorder.ro\/app\/wp-json\/wp\/v2\/posts\/2992","targetHints":{"allow":["GET"]}}],"collection":[{"href":"https:\/\/www.newsrecorder.ro\/app\/wp-json\/wp\/v2\/posts"}],"about":[{"href":"https:\/\/www.newsrecorder.ro\/app\/wp-json\/wp\/v2\/types\/post"}],"author":[{"embeddable":true,"href":"https:\/\/www.newsrecorder.ro\/app\/wp-json\/wp\/v2\/users\/2"}],"replies":[{"embeddable":true,"href":"https:\/\/www.newsrecorder.ro\/app\/wp-json\/wp\/v2\/comments?post=2992"}],"version-history":[{"count":0,"href":"https:\/\/www.newsrecorder.ro\/app\/wp-json\/wp\/v2\/posts\/2992\/revisions"}],"wp:featuredmedia":[{"embeddable":true,"href":"https:\/\/www.newsrecorder.ro\/app\/wp-json\/wp\/v2\/media\/2993"}],"wp:attachment":[{"href":"https:\/\/www.newsrecorder.ro\/app\/wp-json\/wp\/v2\/media?parent=2992"}],"wp:term":[{"taxonomy":"category","embeddable":true,"href":"https:\/\/www.newsrecorder.ro\/app\/wp-json\/wp\/v2\/categories?post=2992"},{"taxonomy":"post_tag","embeddable":true,"href":"https:\/\/www.newsrecorder.ro\/app\/wp-json\/wp\/v2\/tags?post=2992"}],"curies":[{"name":"wp","href":"https:\/\/api.w.org\/{rel}","templated":true}]}}