{"id":2998,"date":"2026-02-14T11:40:00","date_gmt":"2026-02-14T11:40:00","guid":{"rendered":"https:\/\/www.newsrecorder.ro\/app\/2026\/02\/14\/baluta-lanseaza-atacuri-la-bolojan-diferente-mari-in-mandat\/"},"modified":"2026-02-14T11:40:00","modified_gmt":"2026-02-14T11:40:00","slug":"baluta-lanseaza-atacuri-la-bolojan-diferente-mari-in-mandat","status":"publish","type":"post","link":"https:\/\/www.newsrecorder.ro\/app\/2026\/02\/14\/baluta-lanseaza-atacuri-la-bolojan-diferente-mari-in-mandat\/","title":{"rendered":"B\u0103lu\u021b\u0103 lanseaz\u0103 atacuri la Bolojan: \u201eDiferen\u021be mari \u00een mandat!\u201d"},"content":{"rendered":"<p>Primarul PSD al Sectorului 4, Daniel B\u0103lu\u021b\u0103, a criticat dur actuala conducere a guvernului \u00een cadrul unui interviu difuzat s\u00e2mb\u0103t\u0103 la Prima TV. B\u0103lu\u021b\u0103 a subliniat necesitatea unei schimb\u0103ri la v\u00e2rful Executivului \u0219i a cerut \u00eencetarea m\u0103surilor de austeritate care afecteaz\u0103 popula\u021bia.<\/p>\n<p>\u00centrebat despre sus\u021binerea sa fa\u021b\u0103 de premierul Ilie Bolojan \u0219i despre posibila alian\u021b\u0103 \u00eentre PSD \u0219i AUR, B\u0103lu\u021b\u0103 a respins categoric ideea unei colabor\u0103ri cu AUR, pun\u00e2nd accent pe problemele generate de actualul premier. \u201eBine\u00een\u021beles. Avem nevoie de un om care s\u0103 poat\u0103 s\u0103 \u00een\u021beleag\u0103 c\u0103 nu mai putem s\u0103 t\u0103iem. C\u0103 noi guvern\u0103m pentru rom\u00e2ni\u201d, a afirmat el, subliniind c\u0103 este esen\u021bial un lider care s\u0103 asculte nevoile cet\u0103\u021benilor.<\/p>\n<p>Primarul a eviden\u021biat tensiunea social\u0103 cresc\u00e2nd\u0103 din Rom\u00e2nia, critic\u00e2nd guvernul pentru impunerea m\u0103surilor de reducere a cheltuielilor. \u201eDeci vedem c\u0103 toat\u0103 Rom\u00e2nia este \u00een strad\u0103. Sunt revolta\u021bi medicii, profesorii, poli\u021bi\u0219tii \u0219i chiar militarii. Toat\u0103 lumea este\u2026 societatea este \u00een aer. Noi impasibili, ne vedem de treab\u0103 s\u0103 venim cu urm\u0103torul pachet, s\u0103 t\u0103iem \u00een continuare. \u00cemi cer scuze. Niciodat\u0103 nu o s\u0103 pot s\u0103 fiu de acord s\u0103 guvern\u0103m \u00eempotriva oamenilor\u201d, a declarat B\u0103lu\u021b\u0103.<\/p>\n<p>Mai mult, el a afirmat c\u0103 PSD nu va sus\u021bine noi t\u0103ieri, preciz\u00e2nd: \u201eNici noi nu avem cum s\u0103 vot\u0103m \u00een continuare t\u0103ieri. \u00cen niciun caz. Suntem promotorii unor obiective de relansare economic\u0103.\u201d B\u0103lu\u021b\u0103 a propus un credit fiscal pentru investi\u021bii mari, men\u021bion\u00e2nd c\u0103 partidul s\u0103u a sugerat \u201ecreditul fiscal, de exemplu, pentru investi\u021bii de mai mari de 20 de milioane de euro sau mai mari de 5 milioane de euro \u00een zone defavorizate, al\u0103turi de alte m\u0103suri menite s\u0103 stimuleze mediul privat, f\u0103r\u0103 a afecta bugetul na\u021bional.\u201d<\/p>\n<p>\u00cen ceea ce prive\u0219te rela\u021bia cu PNL, B\u0103lu\u021b\u0103 a vorbit despre protocolul de colaborare existent \u00eentre cele dou\u0103 partide. \u201eNoi avem o \u00een\u021belegere cu Partidul Na\u021bional Liberal, un protocol de colaborare. \u0218i e bine s\u0103 respect\u0103m lucrurile acestea. At\u00e2ta timp c\u00e2t cei care sunt parte a acestui protocol se lovesc de un astfel de obstacol, una dintre op\u021biunile posibile este aceea de a \u00eendep\u0103rta obstacolul. E simplu\u201d, a explicat el.<\/p>\n<p>Referitor la m\u0103surile de austeritate, primarul a subliniat c\u0103 \u201enu putem s\u0103 continu\u0103m cu astfel de m\u0103suri pentru c\u0103 distrugem Rom\u00e2nia. Deci nu se mai poate a\u0219a. C\u00e2t infla\u021bie s\u0103 mai suporte, c\u00e2t TVA s\u0103 mai suporte, c\u00e2t\u0103 cre\u0219tere a impozitului pe profit, a impozitului pe dividende, taxe \u0219i impozite locale.\u201d<\/p>\n<p>B\u0103lu\u021b\u0103 a adus \u00een discu\u021bie \u0219i schimb\u0103rile survenite \u00een comportamentul premierului Ilie Bolojan de la \u00eenceputul mandatului s\u0103u. \u201eEste o foarte mare diferen\u021b\u0103 \u00eentre domnul Bolojan de la \u00eenceputul mandatului, domnul Bolojan pre\u0219edinte interimar, domnul Bolojan pre\u0219edinte al Consiliului Jude\u021bean, fa\u021b\u0103 de acest Bolojan 2.0, sau reloaded. Nu mai are aceea\u0219i disponibilitate c\u0103tre dialog, nu mai este atent la argumentele pe care partenerii politici sau adversarii politici le au, nu este atent \u00een strada, asta e cea mai grav\u0103 problem\u0103. Este cu totul \u0219i cu totul alt om dec\u00e2t cel pe care eu l-am cunoscut \u0219i pe care l-am apreciat \u0219i l-am respectat foarte mult \u0219i \u00eel respect \u00een continuare, pentru c\u0103 este esen\u021bial, chiar dac\u0103 avem opinii contrare, este esen\u021bial s\u0103 ne respect\u0103m\u201d, a concluzionat B\u0103lu\u021b\u0103.<\/p>\n","protected":false},"excerpt":{"rendered":"<p>Primarul PSD al Sectorului 4, Daniel B\u0103lu\u021b\u0103, a criticat dur actuala conducere a guvernului \u00een cadrul unui interviu difuzat s\u00e2mb\u0103t\u0103 la Prima TV. B\u0103lu\u021b\u0103 a subliniat necesitatea unei schimb\u0103ri la v\u00e2rful Executivului \u0219i a cerut \u00eencetarea m\u0103surilor de austeritate care afecteaz\u0103 popula\u021bia. \u00centrebat despre sus\u021binerea sa fa\u021b\u0103 de premierul Ilie Bolojan \u0219i despre posibila alian\u021b\u0103 [&hellip;]<\/p>\n","protected":false},"author":2,"featured_media":2999,"comment_status":"open","ping_status":"open","sticky":false,"template":"","format":"standard","meta":{"jnews-multi-image_gallery":[],"jnews_single_post":[],"jnews_primary_category":[],"jnews_override_counter":[],"footnotes":""},"categories":[39],"tags":[4946,2613,301,302,1045,300,5039],"class_list":["post-2998","post","type-post","status-publish","format-standard","has-post-thumbnail","hentry","category-stirile-zilei","tag-alianta","tag-austeritate","tag-guvern","tag-ilie-bolojan","tag-primar","tag-psd","tag-tensiune-sociala"],"_links":{"self":[{"href":"https:\/\/www.newsrecorder.ro\/app\/wp-json\/wp\/v2\/posts\/2998","targetHints":{"allow":["GET"]}}],"collection":[{"href":"https:\/\/www.newsrecorder.ro\/app\/wp-json\/wp\/v2\/posts"}],"about":[{"href":"https:\/\/www.newsrecorder.ro\/app\/wp-json\/wp\/v2\/types\/post"}],"author":[{"embeddable":true,"href":"https:\/\/www.newsrecorder.ro\/app\/wp-json\/wp\/v2\/users\/2"}],"replies":[{"embeddable":true,"href":"https:\/\/www.newsrecorder.ro\/app\/wp-json\/wp\/v2\/comments?post=2998"}],"version-history":[{"count":0,"href":"https:\/\/www.newsrecorder.ro\/app\/wp-json\/wp\/v2\/posts\/2998\/revisions"}],"wp:featuredmedia":[{"embeddable":true,"href":"https:\/\/www.newsrecorder.ro\/app\/wp-json\/wp\/v2\/media\/2999"}],"wp:attachment":[{"href":"https:\/\/www.newsrecorder.ro\/app\/wp-json\/wp\/v2\/media?parent=2998"}],"wp:term":[{"taxonomy":"category","embeddable":true,"href":"https:\/\/www.newsrecorder.ro\/app\/wp-json\/wp\/v2\/categories?post=2998"},{"taxonomy":"post_tag","embeddable":true,"href":"https:\/\/www.newsrecorder.ro\/app\/wp-json\/wp\/v2\/tags?post=2998"}],"curies":[{"name":"wp","href":"https:\/\/api.w.org\/{rel}","templated":true}]}}