{"id":3036,"date":"2026-02-14T19:24:04","date_gmt":"2026-02-14T19:24:04","guid":{"rendered":"https:\/\/www.newsrecorder.ro\/app\/2026\/02\/14\/vremea-in-martie-prognoza-detaliata-pentru-urmatoarele-patru-saptamani-2\/"},"modified":"2026-02-14T19:24:04","modified_gmt":"2026-02-14T19:24:04","slug":"vremea-in-martie-prognoza-detaliata-pentru-urmatoarele-patru-saptamani-2","status":"publish","type":"post","link":"https:\/\/www.newsrecorder.ro\/app\/2026\/02\/14\/vremea-in-martie-prognoza-detaliata-pentru-urmatoarele-patru-saptamani-2\/","title":{"rendered":"Vremea \u00een martie: prognoza detaliat\u0103 pentru urm\u0103toarele patru s\u0103pt\u0103m\u00e2ni!"},"content":{"rendered":"<p>S\u0103pt\u0103m\u00e2na 9-16 februarie 2026, conform prognozei furnizate de ANM, va aduce temperaturi mai ridicate dec\u00e2t cele obi\u0219nuite pentru aceast\u0103 perioad\u0103, cu o abatere termic\u0103 pozitiv\u0103 mai pronun\u021bat\u0103 \u00een regiunile intracarpatice. \u00cen ceea ce prive\u0219te precipita\u021biile, se preconizeaz\u0103 c\u0103 acestea vor fi excedentare \u00een regiunile sudice ale \u021b\u0103rii, \u00een timp ce \u00een restul regiunilor, regimul pluviometric va r\u0103m\u00e2ne apropiat de valorile normale pentru acest interval.<\/p>\n<p>\u00cen s\u0103pt\u0103m\u00e2na 16-23 februarie 2026, temperaturile medii se vor men\u021bine \u00een jurul valorilor normale la nivel na\u021bional. De asemenea, se estimeaz\u0103 c\u0103 \u00een toate regiunile, cantit\u0103\u021bile de precipita\u021bii vor avea o tendin\u021b\u0103 u\u0219or excedentar\u0103, adic\u0103 vor dep\u0103\u0219i normele obi\u0219nuite.<\/p>\n<p>Pe parcursul s\u0103pt\u0103m\u00e2nii 23 februarie \u2013 2 martie, meteorologii prognozeaz\u0103 c\u0103 temperaturile medii vor r\u0103m\u00e2ne \u00een concordan\u021b\u0103 cu valorile normale pentru aceast\u0103 perioad\u0103. Totodat\u0103, regimul pluviometric va fi similar cu cel obi\u0219nuit pentru acest interval, \u00een toate regiunile \u021b\u0103rii.<\/p>\n<p>\u00cen final, s\u0103pt\u0103m\u00e2na 2-9 martie va aduce medii termice ce se vor \u00eencadra \u00een limitele specifice pentru aceast\u0103 perioad\u0103, pe \u00eentreaga suprafa\u021b\u0103 a Rom\u00e2niei. De asemenea, se estimeaz\u0103 c\u0103 cantit\u0103\u021bile de precipita\u021bii vor fi, de asemenea, apropiate de normele uzuale pentru acest interval.<\/p>\n","protected":false},"excerpt":{"rendered":"<p>S\u0103pt\u0103m\u00e2na 9-16 februarie 2026, conform prognozei furnizate de ANM, va aduce temperaturi mai ridicate dec\u00e2t cele obi\u0219nuite pentru aceast\u0103 perioad\u0103, cu o abatere termic\u0103 pozitiv\u0103 mai pronun\u021bat\u0103 \u00een regiunile intracarpatice. \u00cen ceea ce prive\u0219te precipita\u021biile, se preconizeaz\u0103 c\u0103 acestea vor fi excedentare \u00een regiunile sudice ale \u021b\u0103rii, \u00een timp ce \u00een restul regiunilor, regimul pluviometric [&hellip;]<\/p>\n","protected":false},"author":5,"featured_media":3037,"comment_status":"open","ping_status":"open","sticky":false,"template":"","format":"standard","meta":{"jnews-multi-image_gallery":[],"jnews_single_post":[],"jnews_primary_category":[],"jnews_override_counter":[],"footnotes":""},"categories":[45],"tags":[146,133,135,141,3043,737,5080,3723],"class_list":["post-3036","post","type-post","status-publish","format-standard","has-post-thumbnail","hentry","category-meteo","tag-abateri-termice","tag-meteorologie","tag-precipitatii","tag-prognoza-meteo","tag-regiunile-intracarpatice","tag-temperaturi-ridicate","tag-tendinte-excedentare","tag-valori-normale"],"_links":{"self":[{"href":"https:\/\/www.newsrecorder.ro\/app\/wp-json\/wp\/v2\/posts\/3036","targetHints":{"allow":["GET"]}}],"collection":[{"href":"https:\/\/www.newsrecorder.ro\/app\/wp-json\/wp\/v2\/posts"}],"about":[{"href":"https:\/\/www.newsrecorder.ro\/app\/wp-json\/wp\/v2\/types\/post"}],"author":[{"embeddable":true,"href":"https:\/\/www.newsrecorder.ro\/app\/wp-json\/wp\/v2\/users\/5"}],"replies":[{"embeddable":true,"href":"https:\/\/www.newsrecorder.ro\/app\/wp-json\/wp\/v2\/comments?post=3036"}],"version-history":[{"count":0,"href":"https:\/\/www.newsrecorder.ro\/app\/wp-json\/wp\/v2\/posts\/3036\/revisions"}],"wp:featuredmedia":[{"embeddable":true,"href":"https:\/\/www.newsrecorder.ro\/app\/wp-json\/wp\/v2\/media\/3037"}],"wp:attachment":[{"href":"https:\/\/www.newsrecorder.ro\/app\/wp-json\/wp\/v2\/media?parent=3036"}],"wp:term":[{"taxonomy":"category","embeddable":true,"href":"https:\/\/www.newsrecorder.ro\/app\/wp-json\/wp\/v2\/categories?post=3036"},{"taxonomy":"post_tag","embeddable":true,"href":"https:\/\/www.newsrecorder.ro\/app\/wp-json\/wp\/v2\/tags?post=3036"}],"curies":[{"name":"wp","href":"https:\/\/api.w.org\/{rel}","templated":true}]}}