{"id":3046,"date":"2026-02-14T19:48:18","date_gmt":"2026-02-14T19:48:18","guid":{"rendered":"https:\/\/www.newsrecorder.ro\/app\/2026\/02\/14\/de-la-zapada-la-soare-cand-ne-bucuram-de-10-grade-celsius\/"},"modified":"2026-02-14T19:48:18","modified_gmt":"2026-02-14T19:48:18","slug":"de-la-zapada-la-soare-cand-ne-bucuram-de-10-grade-celsius","status":"publish","type":"post","link":"https:\/\/www.newsrecorder.ro\/app\/2026\/02\/14\/de-la-zapada-la-soare-cand-ne-bucuram-de-10-grade-celsius\/","title":{"rendered":"De la z\u0103pad\u0103 la soare: c\u00e2nd ne bucur\u0103m de 10 grade Celsius?"},"content":{"rendered":"<p>Vremea se va men\u021bine rece \u00een urm\u0103toarele zile, dar o \u00eenc\u0103lzire semnificativ\u0103 este anticipat\u0103 \u00een a doua parte a s\u0103pt\u0103m\u00e2nii. Aceasta este vestea pe care ne-o aduce Florinela Georgescu, director de prognoz\u0103 ANM, \u00een cadrul unei interven\u021bii la Digi24.<\/p>\n<p>Dup\u0103 o noapte \u00een care a nins abundent \u00een sudul \u021b\u0103rii, meteorologul a declarat c\u0103 vremea va \u00eencepe s\u0103 se \u00eembun\u0103t\u0103\u021beasc\u0103. \u00cen Bucure\u0219ti, stratul de z\u0103pad\u0103 m\u0103soar\u0103 \u00eentre 12 \u0219i 15 centimetri, variind \u00een grosime din cauza viscolului care a persistat pe timpul nop\u021bii.<\/p>\n<p>\u201e\u00cen urm\u0103toarele zile, ne a\u0219tept\u0103m la o pauz\u0103 \u00een precipita\u021bii \u00een zona Bucure\u0219tiului, p\u00e2n\u0103 miercuri. La nivel na\u021bional, precipita\u021biile vor fi limitate, fiind slabe cantitativ,\u201d a explicat Florinela Georgescu. <\/p>\n<p>Temperaturile vor r\u0103m\u00e2ne negative, inclusiv pe timpul zilei \u00een anumite regiuni, iar o nou\u0103 noapte geroas\u0103 se preconizeaz\u0103. \u201eAst\u0103zi, \u00een jum\u0103tatea de est a \u021b\u0103rii, inclusiv \u00een Moldova, Dobrogea, Muntenia \u0219i sud-estul Transilvaniei, va fi foarte frig, cu temperaturi maxime sub 0 grade. \u00cen nordul Moldovei, gerul se va men\u021bine pe parcursul zilei, iar maximele nu vor dep\u0103\u0219i -10 grade. La Bucure\u0219ti, se estimeaz\u0103 o maxim\u0103 de -4 grade, av\u00e2nd \u00een prezent -7 grade,\u201d a ad\u0103ugat meteorologul. <\/p>\n<p>Se anun\u021b\u0103 o noapte extrem de rece, care se va dovedi a fi cea mai geroas\u0103 din acest interval. Gerul se va resim\u021bi \u00een \u00eentregul est \u0219i sud al \u021b\u0103rii, conform prognozei.<\/p>\n<p>Pe de alt\u0103 parte, a doua jum\u0103tate a s\u0103pt\u0103m\u00e2nii va aduce o \u00eenc\u0103lzire, cu temperaturi ce pot ajunge p\u00e2n\u0103 la 10 grade Celsius. \u201eA\u0219tept\u0103m ca vineri \u0219i s\u00e2mb\u0103t\u0103, valorile termice s\u0103 dep\u0103\u0219easc\u0103 0 grade chiar \u0219i pe parcursul nop\u021bilor, ceea ce indic\u0103 o \u00eenc\u0103lzire semnificativ\u0103. Vor fi maxime de peste 10 grade \u00een multe regiuni ale \u021b\u0103rii,\u201d a precizat Florinela Georgescu.<\/p>\n<p>Cu toate acestea, meteorologul subliniaz\u0103 c\u0103 este pu\u021bin probabil ca acest episod s\u0103 fie ultimul de iarn\u0103. \u201eEste pu\u021bin probabil s\u0103 fie ultimul episod de iarn\u0103. Schimb\u0103rile \u00een regimul termic \u0219i al precipita\u021biilor ar putea avea loc la fiecare 3-4 zile, av\u00e2nd \u00een vedere circula\u021bia activ\u0103 la nivelul continentului european. Suntem influen\u021ba\u021bi at\u00e2t de masele de aer rece din nord \u0219i nord-est, c\u00e2t \u0219i de activitatea ciclonic\u0103 cu aer mai cald din sud \u0219i vest,\u201d a concluzionat directorul ANM.<\/p>\n","protected":false},"excerpt":{"rendered":"<p>Vremea se va men\u021bine rece \u00een urm\u0103toarele zile, dar o \u00eenc\u0103lzire semnificativ\u0103 este anticipat\u0103 \u00een a doua parte a s\u0103pt\u0103m\u00e2nii. Aceasta este vestea pe care ne-o aduce Florinela Georgescu, director de prognoz\u0103 ANM, \u00een cadrul unei interven\u021bii la Digi24. Dup\u0103 o noapte \u00een care a nins abundent \u00een sudul \u021b\u0103rii, meteorologul a declarat c\u0103 vremea [&hellip;]<\/p>\n","protected":false},"author":5,"featured_media":3047,"comment_status":"open","ping_status":"open","sticky":false,"template":"","format":"standard","meta":{"jnews-multi-image_gallery":[],"jnews_single_post":[],"jnews_primary_category":[],"jnews_override_counter":[],"footnotes":""},"categories":[45],"tags":[150,362,1804,135,141,1155,2343,729],"class_list":["post-3046","post","type-post","status-publish","format-standard","has-post-thumbnail","hentry","category-meteo","tag-anm","tag-bucuresti","tag-incalzire","tag-precipitatii","tag-prognoza-meteo","tag-racire","tag-vremea","tag-zapada"],"_links":{"self":[{"href":"https:\/\/www.newsrecorder.ro\/app\/wp-json\/wp\/v2\/posts\/3046","targetHints":{"allow":["GET"]}}],"collection":[{"href":"https:\/\/www.newsrecorder.ro\/app\/wp-json\/wp\/v2\/posts"}],"about":[{"href":"https:\/\/www.newsrecorder.ro\/app\/wp-json\/wp\/v2\/types\/post"}],"author":[{"embeddable":true,"href":"https:\/\/www.newsrecorder.ro\/app\/wp-json\/wp\/v2\/users\/5"}],"replies":[{"embeddable":true,"href":"https:\/\/www.newsrecorder.ro\/app\/wp-json\/wp\/v2\/comments?post=3046"}],"version-history":[{"count":0,"href":"https:\/\/www.newsrecorder.ro\/app\/wp-json\/wp\/v2\/posts\/3046\/revisions"}],"wp:featuredmedia":[{"embeddable":true,"href":"https:\/\/www.newsrecorder.ro\/app\/wp-json\/wp\/v2\/media\/3047"}],"wp:attachment":[{"href":"https:\/\/www.newsrecorder.ro\/app\/wp-json\/wp\/v2\/media?parent=3046"}],"wp:term":[{"taxonomy":"category","embeddable":true,"href":"https:\/\/www.newsrecorder.ro\/app\/wp-json\/wp\/v2\/categories?post=3046"},{"taxonomy":"post_tag","embeddable":true,"href":"https:\/\/www.newsrecorder.ro\/app\/wp-json\/wp\/v2\/tags?post=3046"}],"curies":[{"name":"wp","href":"https:\/\/api.w.org\/{rel}","templated":true}]}}