{"id":3070,"date":"2026-02-14T22:40:40","date_gmt":"2026-02-14T22:40:40","guid":{"rendered":"https:\/\/www.newsrecorder.ro\/app\/2026\/02\/14\/oana-toiu-si-generalul-grynkewich-strategii-nato-pentru-marea-neagra\/"},"modified":"2026-02-14T22:40:40","modified_gmt":"2026-02-14T22:40:40","slug":"oana-toiu-si-generalul-grynkewich-strategii-nato-pentru-marea-neagra","status":"publish","type":"post","link":"https:\/\/www.newsrecorder.ro\/app\/2026\/02\/14\/oana-toiu-si-generalul-grynkewich-strategii-nato-pentru-marea-neagra\/","title":{"rendered":"Oana \u021aoiu \u0219i Generalul Grynkewich: Strategii NATO pentru Marea Neagr\u0103"},"content":{"rendered":"<p>Ast\u0103zi, la Conferin\u021ba de Securitate de la M\u00fcnchen, am avut pl\u0103cerea de a deschide lucr\u0103rile sesiunii dedicate \u201eImplica\u021biilor r\u0103zboiului cu sisteme autonome, inclusiv drone\u201d, al\u0103turi de Alexus Grynkewich, Comandantul Suprem al For\u021belor Aliate din Europa (SACEUR) \u0219i liderul for\u021belor americane din Europa. Aceast\u0103 sesiune, \u00een care am avut o interven\u021bie principal\u0103, a reunit 35 de deciden\u021bi \u0219i exper\u021bi \u00een domeniul securit\u0103\u021bii din \u00eentreaga zon\u0103 transatlantic\u0103, printre care \u0219i pre\u0219edintele Anduril Industries, Chris Brose. Aceste informa\u021bii au fost \u00eemp\u0103rt\u0103\u0219ite de ministra de externe, Oana \u021aoiu, printr-o postare pe Facebook.<\/p>\n<p>\u00cen cadrul discursului s\u0103u, Oana \u021aoiu a subliniat \u201erezultatele semnificative ob\u021binute \u00een stimularea industriei de ap\u0103rare transatlantice\u201d, rezultate care au fost discutate la NATO Industry Forum, desf\u0103\u0219urat anul trecut la Bucure\u0219ti. De asemenea, ea a eviden\u021biat \u201enevoia urgent\u0103 de coordonare diplomatic\u0103 sporit\u0103 pe Flancul Estic\u201d al Alian\u021bei.<\/p>\n<p>Ministra a pus accent pe \u201eoportunit\u0103\u021bile emergente pentru industria de ap\u0103rare din Rom\u00e2nia \u0219i a alia\u021bilor\u201d, aduc\u00e2nd \u00een discu\u021bie \u0219i \u201eimportan\u021ba inova\u021biei tehnologice \u0219i a acceler\u0103rii ciclurilor de inovare\u201d. De asemenea, Oana \u021aoiu a pledat pentru \u201eutilizarea eficient\u0103 a finan\u021b\u0103rii Uniunii Europene \u00een scopul satisfacerii nevoilor de ap\u0103rare ale NATO\u201d.<\/p>\n<p>\u00cen acest context, discu\u021biile dintre ministra de Externe \u0219i generalul Grynkewich s-au concentrat pe angajamentul NATO de a descuraja amenin\u021b\u0103rile \u0219i de a asigura ap\u0103rarea \u00een regiunea M\u0103rii Negre. Aceste ini\u021biative se desf\u0103\u0219oar\u0103 \u00een cadrul misiunii NATO Santinela Estului\/Eastern Sentry, instituite pentru a contracara orice \u00eenc\u0103lcare a spa\u021biului aerian aliat.<\/p>\n","protected":false},"excerpt":{"rendered":"<p>Ast\u0103zi, la Conferin\u021ba de Securitate de la M\u00fcnchen, am avut pl\u0103cerea de a deschide lucr\u0103rile sesiunii dedicate \u201eImplica\u021biilor r\u0103zboiului cu sisteme autonome, inclusiv drone\u201d, al\u0103turi de Alexus Grynkewich, Comandantul Suprem al For\u021belor Aliate din Europa (SACEUR) \u0219i liderul for\u021belor americane din Europa. Aceast\u0103 sesiune, \u00een care am avut o interven\u021bie principal\u0103, a reunit 35 de [&hellip;]<\/p>\n","protected":false},"author":2,"featured_media":3071,"comment_status":"open","ping_status":"open","sticky":false,"template":"","format":"standard","meta":{"jnews-multi-image_gallery":[],"jnews_single_post":[],"jnews_primary_category":[],"jnews_override_counter":[],"footnotes":""},"categories":[42],"tags":[2878,924,2663,352,915,874,5090,5091],"class_list":["post-3070","post","type-post","status-publish","format-standard","has-post-thumbnail","hentry","category-politica","tag-coordonare-diplomatica","tag-drone","tag-industrie-de-aparare","tag-nato","tag-razboi","tag-securitate","tag-sisteme-autonome","tag-transatlantic"],"_links":{"self":[{"href":"https:\/\/www.newsrecorder.ro\/app\/wp-json\/wp\/v2\/posts\/3070","targetHints":{"allow":["GET"]}}],"collection":[{"href":"https:\/\/www.newsrecorder.ro\/app\/wp-json\/wp\/v2\/posts"}],"about":[{"href":"https:\/\/www.newsrecorder.ro\/app\/wp-json\/wp\/v2\/types\/post"}],"author":[{"embeddable":true,"href":"https:\/\/www.newsrecorder.ro\/app\/wp-json\/wp\/v2\/users\/2"}],"replies":[{"embeddable":true,"href":"https:\/\/www.newsrecorder.ro\/app\/wp-json\/wp\/v2\/comments?post=3070"}],"version-history":[{"count":0,"href":"https:\/\/www.newsrecorder.ro\/app\/wp-json\/wp\/v2\/posts\/3070\/revisions"}],"wp:featuredmedia":[{"embeddable":true,"href":"https:\/\/www.newsrecorder.ro\/app\/wp-json\/wp\/v2\/media\/3071"}],"wp:attachment":[{"href":"https:\/\/www.newsrecorder.ro\/app\/wp-json\/wp\/v2\/media?parent=3070"}],"wp:term":[{"taxonomy":"category","embeddable":true,"href":"https:\/\/www.newsrecorder.ro\/app\/wp-json\/wp\/v2\/categories?post=3070"},{"taxonomy":"post_tag","embeddable":true,"href":"https:\/\/www.newsrecorder.ro\/app\/wp-json\/wp\/v2\/tags?post=3070"}],"curies":[{"name":"wp","href":"https:\/\/api.w.org\/{rel}","templated":true}]}}