{"id":3086,"date":"2026-02-14T22:43:09","date_gmt":"2026-02-14T22:43:09","guid":{"rendered":"https:\/\/www.newsrecorder.ro\/app\/2026\/02\/14\/maia-sandu-la-munchen-pas-important-pentru-securitatea-moldovei\/"},"modified":"2026-02-14T22:43:09","modified_gmt":"2026-02-14T22:43:09","slug":"maia-sandu-la-munchen-pas-important-pentru-securitatea-moldovei","status":"publish","type":"post","link":"https:\/\/www.newsrecorder.ro\/app\/2026\/02\/14\/maia-sandu-la-munchen-pas-important-pentru-securitatea-moldovei\/","title":{"rendered":"Maia Sandu la M\u00fcnchen: Pas important pentru securitatea Moldovei!"},"content":{"rendered":"<p>\u00cen acest weekend, Maia Sandu, pre\u0219edinta Republicii Moldova, se afl\u0103 la <a href=\"https:\/\/www.mediafax.ro\/externe\/conferinta-de-securitate-de-la-munchen-ziua-a-doua-marco-rubio-a-declarat-o-noua-era-in-geopolitica-secretarul-de-stat-american-anunt-istoric-sua-si-europa-apartin-imp-23686932\">Conferin\u021ba de Securitate de la M\u00fcnchen<\/a>, un eveniment de amploare care reune\u0219te lideri din \u00eentreaga lume. Dup\u0103 un discurs sus\u021binut vineri, pre\u0219edinta va continua s\u0103 participe la interviuri \u0219i declara\u021bii s\u00e2mb\u0103t\u0103.<\/p>\n<p>Conform unui <a href=\"https:\/\/presedinte.md\/rom\/presa\/presedinta-maia-sandu-discutii-la-mnchen-pentru-consolidarea-securitatii-si-sprijinirea-parcursului-european-al-republicii-moldova\">comunicat de pres\u0103<\/a>, Maia Sandu a abordat subiecte importante \u00een cadrul conferin\u021bei, incluz\u00e2nd \u00eent\u0103rirea securit\u0103\u021bii Republicii Moldova \u0219i aspira\u021biile \u021b\u0103rii de a adera la Uniunea European\u0103.<\/p>\n<p>Evenimentul a fost deschis de cancelarul Germaniei, Friedrich Merz, \u0219i a adunat \u00een jur de 50 de \u0219efi de stat \u0219i guvern, al\u0103turi de oficiali de rang \u00eenalt din Europa \u0219i din alte col\u021buri ale lumii.<\/p>\n<p>\u00cen prima zi a conferin\u021bei, vineri, pre\u0219edinta Sandu a avut \u00eent\u00e2lniri bilaterale cu premierul Estoniei, Kristen Michal, cu secretarul de stat al SUA, Marco Rubio, \u0219i cu secretarul general al NATO, Mark Rutte. Aceste discu\u021bii sunt esen\u021biale pentru consolidarea rela\u021biilor interna\u021bionale ale Moldovei.<\/p>\n<p>Printre \u00eent\u00e2lnirile programate se num\u0103r\u0103 \u0219i cele cu prim-ministrul Suediei, Ulf Kristersson, \u0219i cu ministra federal\u0103 german\u0103 pentru Cooperare Economic\u0103 \u0219i Dezvoltare, Reem Alabali Radovan, care sunt parte dintr-o agend\u0103 diversificat\u0103 \u0219i strategic\u0103.<\/p>\n<p>De asemenea, Maia Sandu a participat la o dezbatere pe tema prevenirii \u0219i combaterii amenin\u021b\u0103rilor hibride, al\u0103turi de Ulf Kristersson, pre\u0219edintele Serviciului Federal de Informa\u021bii al Germaniei, Martin J\u00e4ger, \u0219i pre\u0219edintele Comitetului Militar al NATO, Giuseppe Cavo Dragone. Aceast\u0103 discu\u021bie este crucial\u0103 \u00een contextul provoc\u0103rilor de securitate actuale.<\/p>\n<p>Ast\u0103zi, 14 februarie, pre\u0219edinta Moldovei are programate \u00eent\u00e2lniri cu pre\u0219edintele Letoniei, Edgars Rink\u0113vi\u010ds, cu premierul Croa\u021biei, Andrej Plenkovi\u0107, \u0219i cu pre\u0219edintele Muntenegrului, Jacov Milatovi\u0107. Aceste \u00eent\u00e2lniri subliniaz\u0103 angajamentul Moldovei fa\u021b\u0103 de cooperarea regional\u0103 \u0219i sprijinul pentru parcursul european al \u021b\u0103rii.<\/p>\n<p>Maia Sandu va discuta \u0219i cu parlamentari europeni, av\u00e2nd ca obiectiv sus\u021binerea parcursului european al Republicii Moldova, o aspira\u021bie fundamental\u0103 pentru viitorul \u021b\u0103rii.<\/p>\n","protected":false},"excerpt":{"rendered":"<p>\u00cen acest weekend, Maia Sandu, pre\u0219edinta Republicii Moldova, se afl\u0103 la Conferin\u021ba de Securitate de la M\u00fcnchen, un eveniment de amploare care reune\u0219te lideri din \u00eentreaga lume. Dup\u0103 un discurs sus\u021binut vineri, pre\u0219edinta va continua s\u0103 participe la interviuri \u0219i declara\u021bii s\u00e2mb\u0103t\u0103. Conform unui comunicat de pres\u0103, Maia Sandu a abordat subiecte importante \u00een cadrul [&hellip;]<\/p>\n","protected":false},"author":2,"featured_media":3087,"comment_status":"open","ping_status":"open","sticky":false,"template":"","format":"standard","meta":{"jnews-multi-image_gallery":[],"jnews_single_post":[],"jnews_primary_category":[],"jnews_override_counter":[],"footnotes":""},"categories":[42],"tags":[4738,651,5108,287,5107,285,874,321],"class_list":["post-3086","post","type-post","status-publish","format-standard","has-post-thumbnail","hentry","category-politica","tag-conferinta-de-securitate","tag-intalniri-bilaterale","tag-lideri-mondiali","tag-maia-sandu","tag-munchen","tag-republica-moldova","tag-securitate","tag-uniunea-europeana"],"_links":{"self":[{"href":"https:\/\/www.newsrecorder.ro\/app\/wp-json\/wp\/v2\/posts\/3086","targetHints":{"allow":["GET"]}}],"collection":[{"href":"https:\/\/www.newsrecorder.ro\/app\/wp-json\/wp\/v2\/posts"}],"about":[{"href":"https:\/\/www.newsrecorder.ro\/app\/wp-json\/wp\/v2\/types\/post"}],"author":[{"embeddable":true,"href":"https:\/\/www.newsrecorder.ro\/app\/wp-json\/wp\/v2\/users\/2"}],"replies":[{"embeddable":true,"href":"https:\/\/www.newsrecorder.ro\/app\/wp-json\/wp\/v2\/comments?post=3086"}],"version-history":[{"count":0,"href":"https:\/\/www.newsrecorder.ro\/app\/wp-json\/wp\/v2\/posts\/3086\/revisions"}],"wp:featuredmedia":[{"embeddable":true,"href":"https:\/\/www.newsrecorder.ro\/app\/wp-json\/wp\/v2\/media\/3087"}],"wp:attachment":[{"href":"https:\/\/www.newsrecorder.ro\/app\/wp-json\/wp\/v2\/media?parent=3086"}],"wp:term":[{"taxonomy":"category","embeddable":true,"href":"https:\/\/www.newsrecorder.ro\/app\/wp-json\/wp\/v2\/categories?post=3086"},{"taxonomy":"post_tag","embeddable":true,"href":"https:\/\/www.newsrecorder.ro\/app\/wp-json\/wp\/v2\/tags?post=3086"}],"curies":[{"name":"wp","href":"https:\/\/api.w.org\/{rel}","templated":true}]}}