{"id":3088,"date":"2026-02-14T23:42:08","date_gmt":"2026-02-14T23:42:08","guid":{"rendered":"https:\/\/www.newsrecorder.ro\/app\/2026\/02\/14\/adn-ul-imperial-cum-putin-si-rusia-imbratiseaza-expansiunea\/"},"modified":"2026-02-14T23:42:08","modified_gmt":"2026-02-14T23:42:08","slug":"adn-ul-imperial-cum-putin-si-rusia-imbratiseaza-expansiunea","status":"publish","type":"post","link":"https:\/\/www.newsrecorder.ro\/app\/2026\/02\/14\/adn-ul-imperial-cum-putin-si-rusia-imbratiseaza-expansiunea\/","title":{"rendered":"ADN-ul imperial: Cum Putin \u0219i Rusia \u00eembr\u0103\u021bi\u0219eaz\u0103 expansiunea"},"content":{"rendered":"<p>Declara\u021biile au fost formulate \u00een cadrul Conferin\u021bei de Securitate de la M\u00fcnchen, un eveniment de referin\u021b\u0103 pe plan interna\u021bional, dedicat problemelor de securitate global\u0103, conform <a href=\"https:\/\/www.theguardian.com\/world\/live\/2026\/feb\/14\/munich-security-conference-live-marco-rubio-keir-starmer-eu-europe-ukraine-russia-latest-news-updates#top-of-blog\" target=\"_blank\" rel=\"noopener\">The Guardian<\/a>.<\/p>\n<p>Liderul Finlandei, Alexander Stubb, a subliniat c\u0103, indiferent de desf\u0103\u0219urarea r\u0103zboiului din Ucraina, amenin\u021barea pe care Rusia o reprezint\u0103 pentru Europa va persista, av\u00e2nd o natur\u0103 structural\u0103.<\/p>\n<p>\u00centr-o manier\u0103 diplomatic\u0103, Stubb a abordat subiectul discu\u021biilor recente legate de regiunea arctic\u0103, eviden\u021biind interesul strategic cresc\u00e2nd al marilor puteri \u00een zon\u0103. El a men\u021bionat c\u0103, dac\u0103 evolu\u021biile geopolitice curente vor duce la o prezen\u021b\u0103 mai puternic\u0103 a NATO \u00een Arctica, acest lucru va contribui la consolidarea obiectivelor de securitate ale Alian\u021bei.<\/p>\n<p>Pre\u0219edintele Finlandei a anun\u021bat, de asemenea, c\u0103 NATO va desf\u0103\u0219ura exerci\u021bii militare semnificative \u00een regiunea Arctic\u0103, av\u00e2nd ca scop transmiterea unui mesaj clar privind capacitatea de descurajare \u0219i angajamentul fa\u021b\u0103 de securitatea alia\u021bilor, inclusiv \u00een apropierea Groenlandei.<\/p>\n<h2>Imperialismul Rusiei \u0219i amenin\u021barea asupra Europei<\/h2>\n<p>C\u00e2nd a fost \u00eentrebat dac\u0103 Rusia constituie o amenin\u021bare militar\u0103 direct\u0103 pentru Europa, Stubb a afirmat c\u0103 Moscova nu va testa Articolul 5 al NATO, care garanteaz\u0103 ap\u0103rarea colectiv\u0103. El a subliniat eficien\u021ba descuraj\u0103rii, \u00een special datorit\u0103 for\u021belor militare puternice ale statelor de pe flancul estic al Alian\u021bei.<\/p>\n<p>\u201eExist\u0103 un motiv pentru care aplic\u0103m descurajarea. \u021a\u0103ri precum Finlanda, Polonia, Turcia \u0219i Ucraina joac\u0103 un rol vital \u00een securitatea Alian\u021bei,\u201d a declarat liderul finlandez.<\/p>\n<p>Stubb a exprimat acordul s\u0103u cu pozi\u021bia premierului danez Mette Frederiksen, avertiz\u00e2nd c\u0103, dup\u0103 \u00eencheierea conflictului din Ucraina, riscurile de securitate nu se vor diminua pentru Europa, Asia Central\u0103 sau Caucazul de Sud. Conform acestuia, natura expansionist\u0103 a Rusiei va continua s\u0103 genereze instabilitate regional\u0103.<\/p>\n<p>Mesajul transmis de liderii prezen\u021bi la M\u00fcnchen este unul clar: Europa trebuie s\u0103 r\u0103m\u00e2n\u0103 alert\u0103, iar NATO s\u0103-\u0219i \u00eent\u0103reasc\u0103 capacit\u0103\u021bile defensive, deoarece imperialismul rus r\u0103m\u00e2ne o provocare major\u0103 pentru securitatea continental\u0103.<\/p>\n","protected":false},"excerpt":{"rendered":"<p>Declara\u021biile au fost formulate \u00een cadrul Conferin\u021bei de Securitate de la M\u00fcnchen, un eveniment de referin\u021b\u0103 pe plan interna\u021bional, dedicat problemelor de securitate global\u0103, conform The Guardian. Liderul Finlandei, Alexander Stubb, a subliniat c\u0103, indiferent de desf\u0103\u0219urarea r\u0103zboiului din Ucraina, amenin\u021barea pe care Rusia o reprezint\u0103 pentru Europa va persista, av\u00e2nd o natur\u0103 structural\u0103. \u00centr-o [&hellip;]<\/p>\n","protected":false},"author":2,"featured_media":3089,"comment_status":"open","ping_status":"open","sticky":false,"template":"","format":"standard","meta":{"jnews-multi-image_gallery":[],"jnews_single_post":[],"jnews_primary_category":[],"jnews_override_counter":[],"footnotes":""},"categories":[42],"tags":[3226,4738,699,5109,5107,352,681,682],"class_list":["post-3088","post","type-post","status-publish","format-standard","has-post-thumbnail","hentry","category-politica","tag-arctica","tag-conferinta-de-securitate","tag-europa","tag-exercitii-militare","tag-munchen","tag-nato","tag-rusia","tag-ucraina"],"_links":{"self":[{"href":"https:\/\/www.newsrecorder.ro\/app\/wp-json\/wp\/v2\/posts\/3088","targetHints":{"allow":["GET"]}}],"collection":[{"href":"https:\/\/www.newsrecorder.ro\/app\/wp-json\/wp\/v2\/posts"}],"about":[{"href":"https:\/\/www.newsrecorder.ro\/app\/wp-json\/wp\/v2\/types\/post"}],"author":[{"embeddable":true,"href":"https:\/\/www.newsrecorder.ro\/app\/wp-json\/wp\/v2\/users\/2"}],"replies":[{"embeddable":true,"href":"https:\/\/www.newsrecorder.ro\/app\/wp-json\/wp\/v2\/comments?post=3088"}],"version-history":[{"count":0,"href":"https:\/\/www.newsrecorder.ro\/app\/wp-json\/wp\/v2\/posts\/3088\/revisions"}],"wp:featuredmedia":[{"embeddable":true,"href":"https:\/\/www.newsrecorder.ro\/app\/wp-json\/wp\/v2\/media\/3089"}],"wp:attachment":[{"href":"https:\/\/www.newsrecorder.ro\/app\/wp-json\/wp\/v2\/media?parent=3088"}],"wp:term":[{"taxonomy":"category","embeddable":true,"href":"https:\/\/www.newsrecorder.ro\/app\/wp-json\/wp\/v2\/categories?post=3088"},{"taxonomy":"post_tag","embeddable":true,"href":"https:\/\/www.newsrecorder.ro\/app\/wp-json\/wp\/v2\/tags?post=3088"}],"curies":[{"name":"wp","href":"https:\/\/api.w.org\/{rel}","templated":true}]}}