{"id":3090,"date":"2026-02-14T23:42:29","date_gmt":"2026-02-14T23:42:29","guid":{"rendered":"https:\/\/www.newsrecorder.ro\/app\/2026\/02\/14\/zelenski-ucraina-gata-de-alegeri-dar-cu-o-conditie-esentiala\/"},"modified":"2026-02-14T23:42:29","modified_gmt":"2026-02-14T23:42:29","slug":"zelenski-ucraina-gata-de-alegeri-dar-cu-o-conditie-esentiala","status":"publish","type":"post","link":"https:\/\/www.newsrecorder.ro\/app\/2026\/02\/14\/zelenski-ucraina-gata-de-alegeri-dar-cu-o-conditie-esentiala\/","title":{"rendered":"Zelenski: Ucraina gata de alegeri, dar cu o condi\u021bie esen\u021bial\u0103!"},"content":{"rendered":"<p>\u00cen cadrul <a style=\"color: #0000ff\" href=\"https:\/\/www.mediafax.ro\/externe\/conferinta-de-securitate-de-la-munchen-ziua-a-doua-marco-rubio-a-declarat-o-noua-era-in-geopolitica-secretarul-de-stat-american-anunt-istoric-sua-si-europa-apartin-imp-23686932\" target=\"_blank\" rel=\"noopener\">Conferin\u021bei de Securitate de la Munchen<\/a>, desf\u0103\u0219urat\u0103 s\u00e2mb\u0103t\u0103, pre\u0219edintele Ucrainei, Volodimir Zelenski, a declarat c\u0103 Ucraina este preg\u0103tit\u0103 s\u0103 organizeze alegeri preziden\u021biale, cu condi\u021bia s\u0103 se instaleze un armisti\u021biu de dou\u0103 luni.<\/p>\n<p>Zelenski a subliniat complexitatea organiz\u0103rii alegerilor \u00een timpul conflictului armat, men\u021bion\u00e2nd c\u0103 majoritatea nu sus\u021bine desf\u0103\u0219urarea unui scrutin \u00een astfel de condi\u021bii. \u201eDac\u0103 partea american\u0103 insist\u0103, sunt gata s\u0103 demonstrez c\u0103 suntem preg\u0103ti\u021bi pentru asta (organizarea alegerilor &#8211; n.r.). Da\u021bi-ne dou\u0103 luni de armisti\u021biu \u0219i vom merge la alegeri. At\u00e2t\u201d, a afirmat el, dup\u0103 discursul s\u0103u.<\/p>\n<p>Liderul ucrainean a explicat c\u0103 procesul de preg\u0103tire a votului necesit\u0103 at\u00e2t timp, c\u00e2t \u0219i un mediu sigur pentru cet\u0103\u021beni. \u201eAcorda\u021bi-ne un armisti\u021biu, acorda\u021bi-ne securitate, infrastructur\u0103\u2026 Poate c\u0103 nu dou\u0103 luni, dar avem nevoie de multe zile pentru a ne preg\u0103ti. Apoi, permite\u021bi-le solda\u021bilor no\u0219tri s\u0103 voteze \u00een condi\u021bii de siguran\u021b\u0103, ap\u0103r\u00e2nd \u00een acela\u0219i timp vie\u021bile noastre \u0219i ale \u021b\u0103rii. Este o sarcin\u0103 complicat\u0103\u201d, a ad\u0103ugat Zelenski.<\/p>\n<p>\u00cen continuare, el a subliniat c\u0103 poporul ucrainean se afl\u0103 sub amenin\u021barea rachetelor \u0219i a f\u0103cut apel la o presiune mai mare asupra pre\u0219edintelui rus, Vladimir Putin. \u201eA\u0219adar, acorda\u021bi-ne un armisti\u021biu. Pre\u0219edintele Trump poate face acest lucru. Face\u021bi presiuni asupra lui Putin, ob\u021bine\u021bi un armisti\u021biu \u0219i, ulterior, parlamentul nostru va modifica legea pentru a facilita organizarea alegerilor, dac\u0103 acestea sunt necesare. Suntem deschi\u0219i la acest lucru, at\u00e2t timp c\u00e2t americanii \u0219i ru\u0219ii consider\u0103 c\u0103 este important s\u0103 avem alegeri \u00een Ucraina\u201d, a concluzionat Zelenski.<\/p>\n<p>Declara\u021biile sale vin la scurt timp dup\u0103 ce a <a style=\"color: #0000ff\" href=\"https:\/\/www.mediafax.ro\/externe\/zelenski-respinge-informatiile-aparute-in-financial-times-vom-organiza-alegeri-cand-vor-fi-indeplinite-toate-garantiile-de-securitate-necesare-23685555\" target=\"_blank\" rel=\"noopener\">respins<\/a> informa\u021biile conform c\u0103rora ar inten\u021biona s\u0103 anun\u021be, pe 24 februarie, un plan pentru organizarea alegerilor preziden\u021biale \u0219i a unui referendum privind un eventual acord de pace cu Rusia. \u201eVom trece la alegeri c\u00e2nd vor fi \u00eendeplinite toate garan\u021biile de securitate necesare. Este foarte simplu: se stabile\u0219te un armisti\u021biu \u0219i vor avea loc alegeri\u201d, a declarat Zelenski \u00eentr-o reac\u021bie pentru reporteri, prin intermediul WhatsApp, conform DW.<\/p>\n","protected":false},"excerpt":{"rendered":"<p>\u00cen cadrul Conferin\u021bei de Securitate de la Munchen, desf\u0103\u0219urat\u0103 s\u00e2mb\u0103t\u0103, pre\u0219edintele Ucrainei, Volodimir Zelenski, a declarat c\u0103 Ucraina este preg\u0103tit\u0103 s\u0103 organizeze alegeri preziden\u021biale, cu condi\u021bia s\u0103 se instaleze un armisti\u021biu de dou\u0103 luni. Zelenski a subliniat complexitatea organiz\u0103rii alegerilor \u00een timpul conflictului armat, men\u021bion\u00e2nd c\u0103 majoritatea nu sus\u021bine desf\u0103\u0219urarea unui scrutin \u00een astfel de [&hellip;]<\/p>\n","protected":false},"author":2,"featured_media":3091,"comment_status":"open","ping_status":"open","sticky":false,"template":"","format":"standard","meta":{"jnews-multi-image_gallery":[],"jnews_single_post":[],"jnews_primary_category":[],"jnews_override_counter":[],"footnotes":""},"categories":[41],"tags":[1042,2209,4738,5110,5111,874,682,1030],"class_list":["post-3090","post","type-post","status-publish","format-standard","has-post-thumbnail","hentry","category-externe","tag-alegeri","tag-armistitiu","tag-conferinta-de-securitate","tag-conflict-armat","tag-pregatire-vot","tag-securitate","tag-ucraina","tag-zelenski"],"_links":{"self":[{"href":"https:\/\/www.newsrecorder.ro\/app\/wp-json\/wp\/v2\/posts\/3090","targetHints":{"allow":["GET"]}}],"collection":[{"href":"https:\/\/www.newsrecorder.ro\/app\/wp-json\/wp\/v2\/posts"}],"about":[{"href":"https:\/\/www.newsrecorder.ro\/app\/wp-json\/wp\/v2\/types\/post"}],"author":[{"embeddable":true,"href":"https:\/\/www.newsrecorder.ro\/app\/wp-json\/wp\/v2\/users\/2"}],"replies":[{"embeddable":true,"href":"https:\/\/www.newsrecorder.ro\/app\/wp-json\/wp\/v2\/comments?post=3090"}],"version-history":[{"count":0,"href":"https:\/\/www.newsrecorder.ro\/app\/wp-json\/wp\/v2\/posts\/3090\/revisions"}],"wp:featuredmedia":[{"embeddable":true,"href":"https:\/\/www.newsrecorder.ro\/app\/wp-json\/wp\/v2\/media\/3091"}],"wp:attachment":[{"href":"https:\/\/www.newsrecorder.ro\/app\/wp-json\/wp\/v2\/media?parent=3090"}],"wp:term":[{"taxonomy":"category","embeddable":true,"href":"https:\/\/www.newsrecorder.ro\/app\/wp-json\/wp\/v2\/categories?post=3090"},{"taxonomy":"post_tag","embeddable":true,"href":"https:\/\/www.newsrecorder.ro\/app\/wp-json\/wp\/v2\/tags?post=3090"}],"curies":[{"name":"wp","href":"https:\/\/api.w.org\/{rel}","templated":true}]}}