{"id":3092,"date":"2026-02-14T23:42:48","date_gmt":"2026-02-14T23:42:48","guid":{"rendered":"https:\/\/www.newsrecorder.ro\/app\/2026\/02\/14\/zelenski-sua-cer-prea-multe-concesii-ucrainei-europa-o-mare-greseala\/"},"modified":"2026-02-14T23:42:48","modified_gmt":"2026-02-14T23:42:48","slug":"zelenski-sua-cer-prea-multe-concesii-ucrainei-europa-o-mare-greseala","status":"publish","type":"post","link":"https:\/\/www.newsrecorder.ro\/app\/2026\/02\/14\/zelenski-sua-cer-prea-multe-concesii-ucrainei-europa-o-mare-greseala\/","title":{"rendered":"Zelenski: SUA cer prea multe concesii Ucrainei, Europa &#8211; \u201eO mare gre\u0219eal\u0103\u201d"},"content":{"rendered":"<p>\u00cen cadrul discursului s\u0103u sus\u021binut s\u00e2mb\u0103t\u0103 la Conferin\u021ba de Securitate de la Munchen, pre\u0219edintele Ucrainei, Volodimir Zelenski, a exprimat o profund\u0103 frustrare fa\u021b\u0103 de cerin\u021bele repetate de concesii din partea Ucrainei \u00een cadrul negocierilor interna\u021bionale.<\/p>\n<p>\u201eAmericanii revin frecvent la subiectul concesiilor. Prea des, aceste concesii sunt discutate \u00een mod exclusiv \u00een contextul Ucrainei, f\u0103r\u0103 a se lua \u00een considerare \u0219i pozi\u021bia Rusiei\u201d, a declarat Zelenski, conform <a style=\"color: #0000ff\" href=\"https:\/\/www.reuters.com\/business\/aerospace-defense\/zelenskiy-says-us-too-often-asks-ukraine-not-russia-concessions-2026-02-14\/\" target=\"_blank\" rel=\"noopener\">NBC News<\/a>.<\/p>\n<p>Liderul ucrainean a subliniat c\u0103 a\u0219teapt\u0103 ca discu\u021biile trilaterale programate pentru s\u0103pt\u0103m\u00e2na viitoare \u201es\u0103 fie serioase, substan\u021biale \u0219i benefice pentru to\u021bi, dar, sincer, uneori pare c\u0103 p\u0103r\u021bile discut\u0103 despre finalizarea unor lucruri diferite\u201d.<\/p>\n<p>Un alt punct important pe care Zelenski l-a f\u0103cut \u00een discursul s\u0103u este absen\u021ba Europei de la masa negocierilor, ceea ce el consider\u0103 a fi o \u201emare gre\u0219eal\u0103\u201d.<\/p>\n<p>\u201eEste o mare gre\u0219eal\u0103\u201d, a subliniat Zelenski, eviden\u021biind importan\u021ba implic\u0103rii europene \u00een procesul de negociere.<\/p>\n<p>De asemenea, \u00een cadrul Conferin\u021bei de Securitate de la Munchen, Zelenski a tras un semnal de alarm\u0103, compar\u00e2nd ac\u021biunile lui Vladimir Putin cu cele din trecut, f\u0103c\u00e2nd referire la Acordul de la M\u00fcnchen din 1938. \u201eAtunci, fostul Putin a \u00eenceput s\u0103 divid\u0103 Europa\u201d, a spus el.<\/p>\n<p>\u201eAr fi o iluzie s\u0103 credem c\u0103 acest r\u0103zboi poate fi \u00eencheiat acum prin divizarea Ucrainei, a\u0219a cum a fost o iluzie s\u0103 credem c\u0103 sacrificarea Cehoslovaciei ar salva Europa de un mare r\u0103zboi\u201d, a ad\u0103ugat Zelenski, subliniind gravitatea situa\u021biei actuale.<\/p>\n<p>\u00cen s\u0103pt\u0103m\u00e2na urm\u0103toare, este programat\u0103 o nou\u0103 rund\u0103 de discu\u021bii trilaterale \u00eentre SUA, Rusia \u0219i Ucraina la Geneva, continu\u00e2nd astfel eforturile de a g\u0103si o solu\u021bie la conflictul \u00een desf\u0103\u0219urare. Anterior, aceste negocieri au avut loc \u00een Abu Dhabi.<\/p>\n","protected":false},"excerpt":{"rendered":"<p>\u00cen cadrul discursului s\u0103u sus\u021binut s\u00e2mb\u0103t\u0103 la Conferin\u021ba de Securitate de la Munchen, pre\u0219edintele Ucrainei, Volodimir Zelenski, a exprimat o profund\u0103 frustrare fa\u021b\u0103 de cerin\u021bele repetate de concesii din partea Ucrainei \u00een cadrul negocierilor interna\u021bionale. \u201eAmericanii revin frecvent la subiectul concesiilor. Prea des, aceste concesii sunt discutate \u00een mod exclusiv \u00een contextul Ucrainei, f\u0103r\u0103 a [&hellip;]<\/p>\n","protected":false},"author":2,"featured_media":3093,"comment_status":"open","ping_status":"open","sticky":false,"template":"","format":"standard","meta":{"jnews-multi-image_gallery":[],"jnews_single_post":[],"jnews_primary_category":[],"jnews_override_counter":[],"footnotes":""},"categories":[41],"tags":[5112,5113,699,686,681,874,682,1030],"class_list":["post-3092","post","type-post","status-publish","format-standard","has-post-thumbnail","hentry","category-externe","tag-concesii","tag-conferinta","tag-europa","tag-negocieri","tag-rusia","tag-securitate","tag-ucraina","tag-zelenski"],"_links":{"self":[{"href":"https:\/\/www.newsrecorder.ro\/app\/wp-json\/wp\/v2\/posts\/3092","targetHints":{"allow":["GET"]}}],"collection":[{"href":"https:\/\/www.newsrecorder.ro\/app\/wp-json\/wp\/v2\/posts"}],"about":[{"href":"https:\/\/www.newsrecorder.ro\/app\/wp-json\/wp\/v2\/types\/post"}],"author":[{"embeddable":true,"href":"https:\/\/www.newsrecorder.ro\/app\/wp-json\/wp\/v2\/users\/2"}],"replies":[{"embeddable":true,"href":"https:\/\/www.newsrecorder.ro\/app\/wp-json\/wp\/v2\/comments?post=3092"}],"version-history":[{"count":0,"href":"https:\/\/www.newsrecorder.ro\/app\/wp-json\/wp\/v2\/posts\/3092\/revisions"}],"wp:featuredmedia":[{"embeddable":true,"href":"https:\/\/www.newsrecorder.ro\/app\/wp-json\/wp\/v2\/media\/3093"}],"wp:attachment":[{"href":"https:\/\/www.newsrecorder.ro\/app\/wp-json\/wp\/v2\/media?parent=3092"}],"wp:term":[{"taxonomy":"category","embeddable":true,"href":"https:\/\/www.newsrecorder.ro\/app\/wp-json\/wp\/v2\/categories?post=3092"},{"taxonomy":"post_tag","embeddable":true,"href":"https:\/\/www.newsrecorder.ro\/app\/wp-json\/wp\/v2\/tags?post=3092"}],"curies":[{"name":"wp","href":"https:\/\/api.w.org\/{rel}","templated":true}]}}