{"id":3096,"date":"2026-02-14T23:43:41","date_gmt":"2026-02-14T23:43:41","guid":{"rendered":"https:\/\/www.newsrecorder.ro\/app\/2026\/02\/14\/munchen-2023-rubio-si-zelenski-promit-o-noua-era-in-geopolitica\/"},"modified":"2026-02-14T23:43:41","modified_gmt":"2026-02-14T23:43:41","slug":"munchen-2023-rubio-si-zelenski-promit-o-noua-era-in-geopolitica","status":"publish","type":"post","link":"https:\/\/www.newsrecorder.ro\/app\/2026\/02\/14\/munchen-2023-rubio-si-zelenski-promit-o-noua-era-in-geopolitica\/","title":{"rendered":"Munchen 2023: Rubio \u0219i Zelenski promit o nou\u0103 er\u0103 \u00een geopolitic\u0103!"},"content":{"rendered":"<p>Ministrul german al ap\u0103r\u0103rii, <a href=\"https:\/\/www.mediafax.ro\/externe\/avertismentul-lui-boris-pistorius-catre-sua-politicile-unilaterale-pot-slabi-nato-23687082\">Boris Pistorius<\/a>, a lansat un avertisment clar c\u0103tre Statele Unite, subliniind necesitatea ca Washingtonul s\u0103 evite politicile unilaterale care ar putea sl\u0103bi alian\u021bele vestice.<\/p>\n<p>\u00cen cadrul unei interven\u021bii la Conferin\u021ba de Securitate de la Munchen, Pistorius a afirmat c\u0103, \u00een contextul unei lumi \u00een continu\u0103 schimbare, nici m\u0103car SUA nu pot ac\u021biona pe cont propriu. El a subliniat c\u0103 este esen\u021bial ca Washingtonul s\u0103 aib\u0103 alia\u021bi puternici \u0219i de \u00eencredere pentru a-\u0219i \u00eendeplini obiectivele strategice. Europa, a ad\u0103ugat el, a\u0219teapt\u0103 predictibilitate \u0219i siguran\u021b\u0103 din partea partenerilor americani, aspecte cruciale pentru stabilitatea transatlantic\u0103.<\/p>\n<p>Premierul Danemarcei, <a href=\"https:\/\/www.mediafax.ro\/externe\/europa-trebuie-sa-raspunda-simultan-mai-multor-crize-avertizeaza-premierul-danez-mette-frederiksen-23687073\">Mette Frederiksen<\/a>, a transmis un mesaj puternic liderilor europeni, subliniind c\u0103 Europa trebuie s\u0103 \u00ee\u0219i \u00eembun\u0103t\u0103\u021beasc\u0103 capacitatea de reac\u021bie la multiple crize simultane. \u00centr-o declara\u021bie recent\u0103, ea a afirmat c\u0103 vechea abordare, care implica gestionarea unei singure crize pe r\u00e2nd, nu mai este suficient\u0103. Europa se confrunt\u0103 cu o serie de provoc\u0103ri complexe, inclusiv r\u0103zboiul din Ucraina \u0219i tensiunile din Orientul Mijlociu, precum \u0219i crize economice \u0219i sociale.<\/p>\n<p>Pre\u0219edintele Finlandei, <a href=\"https:\/\/www.mediafax.ro\/externe\/stubb-imperialismul-si-expansiunea-sunt-inscrise-in-adn-ul-lui-putin-si-al-rusiei-23687047\">Alexander Stubb<\/a>, a declarat c\u0103 imperialismul \u0219i tendin\u021bele expansioniste sunt tr\u0103s\u0103turi fundamentale ale politicii Rusiei \u0219i ale pre\u0219edintelui Vladimir Putin. \u00cen cadrul acelea\u0219i conferin\u021be, Stubb a subliniat c\u0103 amenin\u021barea pe care Rusia o reprezint\u0103 pentru Europa este de natur\u0103 structural\u0103 \u0219i nu va disp\u0103rea, indiferent de evolu\u021bia conflictului din Ucraina.<\/p>\n<p>\u00cen alt\u0103 ordine de idei, aproximativ 200.000 de persoane au participat la o <a href=\"https:\/\/www.mediafax.ro\/externe\/peste-200-000-de-persoane-participa-la-un-protest-antiguvernamental-iranian-in-munchen-23687031\">manifesta\u021bie \u00eempotriva guvernului iranian<\/a> la Munchen, \u00een timp ce liderii mondiali se \u00eent\u00e2lneau pentru Conferin\u021ba de Securitate. Protestatarii s-au adunat \u00een parcul expozi\u021bional Theresienwiese, exprim\u00e2ndu-\u0219i indignarea fa\u021b\u0103 de conducerea Republicii Islamice Iran, \u00een urma represiunii violente a protestelor din ianuarie.<\/p>\n<p>Pe de alt\u0103 parte, cinci state europene \u2013 Marea Britanie, Fran\u021ba, Germania, Suedia \u0219i Olanda \u2013 au acuzat oficial Rusia c\u0103 l-a otr\u0103vit pe opozantul politic <a href=\"https:\/\/www.mediafax.ro\/externe\/alexei-navalnii-a-fost-otravit-acuzatii-grave-aduse-rusiei-de-cinci-state-europene-23687022\">Alexei Navaln\u00eei<\/a> cu o \u201etoxin\u0103 rar\u0103 \u0219i letal\u0103\u201d \u00een timpul deten\u021biei sale \u00eentr-o colonie penitenciar\u0103 din Siberia. Aceast\u0103 declara\u021bie a fost f\u0103cut\u0103 \u00een contextul Conferin\u021bei de Securitate de la Munchen, pe baza analizelor de laborator efectuate pe probele biologice ale lui Navaln\u00eei.<\/p>\n<p>\u00centr-un context mai amplu, <a href=\"https:\/\/www.mediafax.ro\/externe\/reza-pahlavi-cere-interventie-militara-sua-in-iran-pentru-a-accelera-caderea-regimului-23687018\">Reza Pahlavi<\/a>, un lider al opozi\u021biei iraniene, a cerut o interven\u021bie militar\u0103 din partea SUA \u00een Iran pentru a accelera c\u0103derea regimului clerical de la Teheran. Acesta a afirmat c\u0103 o astfel de ac\u021biune ar putea salva vie\u021bi \u0219i ar facilita pr\u0103bu\u0219irea regimului actual.<\/p>\n<p>\u00cen discu\u021bii legate de securitate, Mark Rutte a fost \u00eentrebat despre garan\u021biile de securitate \u0219i a subliniat c\u0103 nu a existat niciun motiv pentru invazia Rusiei \u00een Ucraina, nici \u00een 2014, cu anexarea Crimeei, nici \u00een 2022. El a men\u021bionat c\u0103 exist\u0103 o \u201eschimbare uria\u0219\u0103 de mentalitate \u00een cadrul NATO\u201d, cu europenii asum\u00e2ndu-\u0219i mai mult\u0103 responsabilitate pentru propria ap\u0103rare.<\/p>\n<p>Rutte a vorbit \u0219i despre experien\u021ba sa din vizita recent\u0103 \u00een Ucraina, subliniind determinarea ucrainenilor de a nu ceda \u00een fa\u021ba atacurilor ruse\u0219ti. El a afirmat c\u0103 alia\u021bii trebuie s\u0103 se asigure c\u0103 ucrainenii dispun de tot ce le este necesar pentru a-\u0219i continua lupta.<\/p>\n<p>Pre\u0219edinta Parlamentului European, Roberta Metsola, a anun\u021bat c\u0103 va semna s\u0103pt\u0103m\u00e2na viitoare \u00eemprumutul de 90 de miliarde de euro acordat Ucrainei, un acord realizat \u201ecu o vitez\u0103 f\u0103r\u0103 precedent\u201d. Aceasta a subliniat importan\u021ba solidarit\u0103\u021bii cu Ucraina, eviden\u021biat\u0103 \u0219i \u00een timpul ceremoniilor de deschidere a Jocurilor Olimpice.<\/p>\n<p>\u00centr-un alt moment al conferin\u021bei, Zelenski a subliniat c\u0103 este o \u201eiluzie\u201d s\u0103 credem c\u0103 divizarea Ucrainei ar putea preveni un r\u0103zboi suplimentar. El a criticat lipsa de implicare a Europei \u00een discu\u021biile de negociere \u0219i a comparat ac\u021biunile lui Putin cu Acordul de la Munchen din 1938, c\u00e2nd se considera c\u0103 divizarea Cehoslovaciei ar salva Europa de un r\u0103zboi major.<\/p>\n<p>De asemenea, Zelenski a subliniat c\u0103 Ucraina a fost l\u0103sat\u0103 f\u0103r\u0103 ajutor semnificativ \u00eenainte de izbucnirea r\u0103zboiului \u0219i a cerut alia\u021bilor s\u0103 nu subestimeze importan\u021ba unei reac\u021bii rapide la amenin\u021b\u0103rile actuale.<\/p>\n<p>\u00cen final, Zelenski a reiterat c\u0103 Ucraina are \u201ecea mai puternic\u0103 armat\u0103 din Europa\u201d \u0219i a cerut ca aceasta s\u0103 fie integrat\u0103 \u00een NATO, subliniind c\u0103 Europa are nevoie de Ucraina pentru a-\u0219i asigura securitatea \u00een fa\u021ba amenin\u021b\u0103rilor externe.<\/p>\n<p>\u00cen concluzie, Zelenski a subliniat c\u0103 unitatea Europei este esen\u021bial\u0103 \u00een fa\u021ba agresiunii ruse \u0219i c\u0103 fiecare lider european trebuie s\u0103 contribuie la consolidarea acestei unit\u0103\u021bi pentru a face fa\u021b\u0103 provoc\u0103rilor actuale.<\/p>\n","protected":false},"excerpt":{"rendered":"<p>Ministrul german al ap\u0103r\u0103rii, Boris Pistorius, a lansat un avertisment clar c\u0103tre Statele Unite, subliniind necesitatea ca Washingtonul s\u0103 evite politicile unilaterale care ar putea sl\u0103bi alian\u021bele vestice. \u00cen cadrul unei interven\u021bii la Conferin\u021ba de Securitate de la Munchen, Pistorius a afirmat c\u0103, \u00een contextul unei lumi \u00een continu\u0103 schimbare, nici m\u0103car SUA nu pot [&hellip;]<\/p>\n","protected":false},"author":2,"featured_media":3097,"comment_status":"open","ping_status":"open","sticky":false,"template":"","format":"standard","meta":{"jnews-multi-image_gallery":[],"jnews_single_post":[],"jnews_primary_category":[],"jnews_override_counter":[],"footnotes":""},"categories":[41],"tags":[5119,5117,5122,4738,5121,5118,5120,680],"class_list":["post-3096","post","type-post","status-publish","format-standard","has-post-thumbnail","hentry","category-externe","tag-aliante-vestice","tag-boris-pistorius","tag-capacitate-de-reactie","tag-conferinta-de-securitate","tag-mette-frederiksen","tag-politici-unilaterale","tag-stabilitate-transatlantica","tag-statele-unite"],"_links":{"self":[{"href":"https:\/\/www.newsrecorder.ro\/app\/wp-json\/wp\/v2\/posts\/3096","targetHints":{"allow":["GET"]}}],"collection":[{"href":"https:\/\/www.newsrecorder.ro\/app\/wp-json\/wp\/v2\/posts"}],"about":[{"href":"https:\/\/www.newsrecorder.ro\/app\/wp-json\/wp\/v2\/types\/post"}],"author":[{"embeddable":true,"href":"https:\/\/www.newsrecorder.ro\/app\/wp-json\/wp\/v2\/users\/2"}],"replies":[{"embeddable":true,"href":"https:\/\/www.newsrecorder.ro\/app\/wp-json\/wp\/v2\/comments?post=3096"}],"version-history":[{"count":0,"href":"https:\/\/www.newsrecorder.ro\/app\/wp-json\/wp\/v2\/posts\/3096\/revisions"}],"wp:featuredmedia":[{"embeddable":true,"href":"https:\/\/www.newsrecorder.ro\/app\/wp-json\/wp\/v2\/media\/3097"}],"wp:attachment":[{"href":"https:\/\/www.newsrecorder.ro\/app\/wp-json\/wp\/v2\/media?parent=3096"}],"wp:term":[{"taxonomy":"category","embeddable":true,"href":"https:\/\/www.newsrecorder.ro\/app\/wp-json\/wp\/v2\/categories?post=3096"},{"taxonomy":"post_tag","embeddable":true,"href":"https:\/\/www.newsrecorder.ro\/app\/wp-json\/wp\/v2\/tags?post=3096"}],"curies":[{"name":"wp","href":"https:\/\/api.w.org\/{rel}","templated":true}]}}