{"id":3112,"date":"2026-02-15T10:54:56","date_gmt":"2026-02-15T10:54:56","guid":{"rendered":"https:\/\/www.newsrecorder.ro\/app\/2026\/02\/15\/baluta-dezvaluie-startul-reparatiilor-strazilor-din-sectorul-4\/"},"modified":"2026-02-15T10:54:56","modified_gmt":"2026-02-15T10:54:56","slug":"baluta-dezvaluie-startul-reparatiilor-strazilor-din-sectorul-4","status":"publish","type":"post","link":"https:\/\/www.newsrecorder.ro\/app\/2026\/02\/15\/baluta-dezvaluie-startul-reparatiilor-strazilor-din-sectorul-4\/","title":{"rendered":"B\u0103lu\u021b\u0103 dezv\u0103luie startul repara\u021biilor str\u0103zilor din Sectorul 4!"},"content":{"rendered":"<p>Daniel B\u0103lu\u021b\u0103, primarul Sectorului 4, a declarat c\u0103 lucr\u0103rile de repara\u021bie a gropilor vor \u00eencepe \u00een martie, cel mai t\u00e2rziu. Acesta a subliniat pe re\u021belele sociale c\u0103, \u201eLa \u00eenceputul lunii martie, imediat ce condi\u021biile meteorologice vor permite, ne vom apuca de lucru pe toate bulevardele \u0219i str\u0103zile secundare afectate de iarn\u0103. Suntem con\u0219tien\u021bi de problemele existente \u0219i nu le ignor\u0103m. Vrem s\u0103 ne sincroniz\u0103m ac\u021biunile cu vremea pentru a asigura un rezultat de calitate, durabil.\u201d<\/p>\n<p>Planificarea lucr\u0103rilor a fost realizat\u0103 de angaja\u021bii Prim\u0103riei, care au efectuat verific\u0103ri pe teren pentru a identifica zonele cele mai afectate. Primarul B\u0103lu\u021b\u0103 a explicat importan\u021ba acestui demers \u00een corela\u021bie cu condi\u021biile meteorologice: \u201eEchipa mea a fost activ\u0103 pe teren \u0219i a stabilit priorit\u0103\u021bile \u00een func\u021bie de necesit\u0103\u021bile de repara\u021bie a carosabilului. De \u00eendat\u0103 ce temperaturile vor dep\u0103\u0219i 5\u00b0C, echipele de muncitori vor \u00eencepe lucr\u0103rile sistematic. Este esen\u021bial ca aceste interven\u021bii s\u0103 fie realizate \u00een condi\u021bii optime, deoarece lucr\u0103rile efectuate la temperaturi mai sc\u0103zute pot provoca fisuri rapide \u0219i deterior\u0103ri accelerate ale asfaltului proasp\u0103t turnat. Acest lucru ar duce la costuri suplimentare \u0219i risip\u0103, ceea ce nu ne dorim. Vrem repara\u021bii durabile, nu doar solu\u021bii temporare.\u201d<\/p>\n<p>Lucr\u0103rile vor fi desf\u0103\u0219urate at\u00e2t pe timpul zilei, c\u00e2t \u0219i pe timpul nop\u021bii, pentru a minimiza disconfortul \u00een trafic \u0219i a finaliza interven\u021biile \u00eentr-un interval c\u00e2t mai scurt. \u00cen perioada urm\u0103toare, Prim\u0103ria va publica un calendar detaliat al lucr\u0103rilor, astfel \u00eenc\u00e2t cet\u0103\u021benii s\u0103 fie informa\u021bi \u00een timp util.<\/p>\n","protected":false},"excerpt":{"rendered":"<p>Daniel B\u0103lu\u021b\u0103, primarul Sectorului 4, a declarat c\u0103 lucr\u0103rile de repara\u021bie a gropilor vor \u00eencepe \u00een martie, cel mai t\u00e2rziu. Acesta a subliniat pe re\u021belele sociale c\u0103, \u201eLa \u00eenceputul lunii martie, imediat ce condi\u021biile meteorologice vor permite, ne vom apuca de lucru pe toate bulevardele \u0219i str\u0103zile secundare afectate de iarn\u0103. Suntem con\u0219tien\u021bi de problemele [&hellip;]<\/p>\n","protected":false},"author":2,"featured_media":3113,"comment_status":"open","ping_status":"open","sticky":false,"template":"","format":"standard","meta":{"jnews-multi-image_gallery":[],"jnews_single_post":[],"jnews_primary_category":[],"jnews_override_counter":[],"footnotes":""},"categories":[42],"tags":[5162,974,624,5160,5159,5163,5161,2145],"class_list":["post-3112","post","type-post","status-publish","format-standard","has-post-thumbnail","hentry","category-politica","tag-carosabil","tag-conditii-meteorologice","tag-daniel-baluta","tag-gropi","tag-lucrari-de-reparatie","tag-martie","tag-primaria","tag-primarul-sectorului-4"],"_links":{"self":[{"href":"https:\/\/www.newsrecorder.ro\/app\/wp-json\/wp\/v2\/posts\/3112","targetHints":{"allow":["GET"]}}],"collection":[{"href":"https:\/\/www.newsrecorder.ro\/app\/wp-json\/wp\/v2\/posts"}],"about":[{"href":"https:\/\/www.newsrecorder.ro\/app\/wp-json\/wp\/v2\/types\/post"}],"author":[{"embeddable":true,"href":"https:\/\/www.newsrecorder.ro\/app\/wp-json\/wp\/v2\/users\/2"}],"replies":[{"embeddable":true,"href":"https:\/\/www.newsrecorder.ro\/app\/wp-json\/wp\/v2\/comments?post=3112"}],"version-history":[{"count":0,"href":"https:\/\/www.newsrecorder.ro\/app\/wp-json\/wp\/v2\/posts\/3112\/revisions"}],"wp:featuredmedia":[{"embeddable":true,"href":"https:\/\/www.newsrecorder.ro\/app\/wp-json\/wp\/v2\/media\/3113"}],"wp:attachment":[{"href":"https:\/\/www.newsrecorder.ro\/app\/wp-json\/wp\/v2\/media?parent=3112"}],"wp:term":[{"taxonomy":"category","embeddable":true,"href":"https:\/\/www.newsrecorder.ro\/app\/wp-json\/wp\/v2\/categories?post=3112"},{"taxonomy":"post_tag","embeddable":true,"href":"https:\/\/www.newsrecorder.ro\/app\/wp-json\/wp\/v2\/tags?post=3112"}],"curies":[{"name":"wp","href":"https:\/\/api.w.org\/{rel}","templated":true}]}}