{"id":3118,"date":"2026-02-15T10:55:37","date_gmt":"2026-02-15T10:55:37","guid":{"rendered":"https:\/\/www.newsrecorder.ro\/app\/2026\/02\/15\/atac-masiv-asupra-unui-port-rusesc-de-la-marea-neagra\/"},"modified":"2026-02-15T10:55:37","modified_gmt":"2026-02-15T10:55:37","slug":"atac-masiv-asupra-unui-port-rusesc-de-la-marea-neagra","status":"publish","type":"post","link":"https:\/\/www.newsrecorder.ro\/app\/2026\/02\/15\/atac-masiv-asupra-unui-port-rusesc-de-la-marea-neagra\/","title":{"rendered":"Atac masiv asupra unui port rusesc de la Marea Neagr\u0103!"},"content":{"rendered":"<p>Un atac cu drone desf\u0103\u0219urat de Ucraina \u00een timpul nop\u021bii a provocat daune semnificative unui port din sudul Rusiei, conform informa\u021biilor reportate de Sky News.<\/p>\n<p>Veniamin Kondratiev, guvernatorul regiunii Krasnodar, a informat c\u0103 \u00een urma atacului au izbucnit \u201emai multe incendii\u201d \u00een portul Taman.<\/p>\n<p>Pe l\u00e2ng\u0103 avariile suferite de infrastructura portuar\u0103, au fost raportate \u0219i pagube \u00een satele din apropiere, a ad\u0103ugat guvernatorul printr-un mesaj pe Telegram.<\/p>\n<p>Printre deterior\u0103rile semnalate se num\u0103r\u0103 un rezervor de petrol, un depozit \u0219i terminale ale portului, conform declara\u021biilor lui Kondratiev.<\/p>\n<p>De asemenea, \u00een urma incidentului, dou\u0103 persoane au fost r\u0103nite \u0219i au fost transportate la spital pentru \u00eengrijiri medicale, a subliniat guvernatorul.<\/p>\n","protected":false},"excerpt":{"rendered":"<p>Un atac cu drone desf\u0103\u0219urat de Ucraina \u00een timpul nop\u021bii a provocat daune semnificative unui port din sudul Rusiei, conform informa\u021biilor reportate de Sky News. Veniamin Kondratiev, guvernatorul regiunii Krasnodar, a informat c\u0103 \u00een urma atacului au izbucnit \u201emai multe incendii\u201d \u00een portul Taman. Pe l\u00e2ng\u0103 avariile suferite de infrastructura portuar\u0103, au fost raportate \u0219i [&hellip;]<\/p>\n","protected":false},"author":2,"featured_media":3119,"comment_status":"open","ping_status":"open","sticky":false,"template":"","format":"standard","meta":{"jnews-multi-image_gallery":[],"jnews_single_post":[],"jnews_primary_category":[],"jnews_override_counter":[],"footnotes":""},"categories":[42],"tags":[5171,5173,5175,5174,1013,5172,681,682],"class_list":["post-3118","post","type-post","status-publish","format-standard","has-post-thumbnail","hentry","category-politica","tag-atac-cu-drone","tag-incendii","tag-ingrijiri-medicale","tag-krasnodar","tag-pagube","tag-port","tag-rusia","tag-ucraina"],"_links":{"self":[{"href":"https:\/\/www.newsrecorder.ro\/app\/wp-json\/wp\/v2\/posts\/3118","targetHints":{"allow":["GET"]}}],"collection":[{"href":"https:\/\/www.newsrecorder.ro\/app\/wp-json\/wp\/v2\/posts"}],"about":[{"href":"https:\/\/www.newsrecorder.ro\/app\/wp-json\/wp\/v2\/types\/post"}],"author":[{"embeddable":true,"href":"https:\/\/www.newsrecorder.ro\/app\/wp-json\/wp\/v2\/users\/2"}],"replies":[{"embeddable":true,"href":"https:\/\/www.newsrecorder.ro\/app\/wp-json\/wp\/v2\/comments?post=3118"}],"version-history":[{"count":0,"href":"https:\/\/www.newsrecorder.ro\/app\/wp-json\/wp\/v2\/posts\/3118\/revisions"}],"wp:featuredmedia":[{"embeddable":true,"href":"https:\/\/www.newsrecorder.ro\/app\/wp-json\/wp\/v2\/media\/3119"}],"wp:attachment":[{"href":"https:\/\/www.newsrecorder.ro\/app\/wp-json\/wp\/v2\/media?parent=3118"}],"wp:term":[{"taxonomy":"category","embeddable":true,"href":"https:\/\/www.newsrecorder.ro\/app\/wp-json\/wp\/v2\/categories?post=3118"},{"taxonomy":"post_tag","embeddable":true,"href":"https:\/\/www.newsrecorder.ro\/app\/wp-json\/wp\/v2\/tags?post=3118"}],"curies":[{"name":"wp","href":"https:\/\/api.w.org\/{rel}","templated":true}]}}