{"id":3120,"date":"2026-02-15T10:55:58","date_gmt":"2026-02-15T10:55:58","guid":{"rendered":"https:\/\/www.newsrecorder.ro\/app\/2026\/02\/15\/fost-presedinte-american-ataca-administratia-trump-dictatura-si-clowni\/"},"modified":"2026-02-15T10:55:58","modified_gmt":"2026-02-15T10:55:58","slug":"fost-presedinte-american-ataca-administratia-trump-dictatura-si-clowni","status":"publish","type":"post","link":"https:\/\/www.newsrecorder.ro\/app\/2026\/02\/15\/fost-presedinte-american-ataca-administratia-trump-dictatura-si-clowni\/","title":{"rendered":"Fost pre\u0219edinte american atac\u0103 Administra\u021bia Trump: dictatur\u0103 \u0219i clowni!"},"content":{"rendered":"<p>Fostul pre\u0219edinte al Statelor Unite, Barack Obama, a exprimat o ferm\u0103 condamnare fa\u021b\u0103 de ac\u021biunile desf\u0103\u0219urate de Serviciul de Imigrare \u0219i Control Vamal (ICE) \u00een Minnesota, compar\u00e2ndu-le cu comportamentele \u00eent\u00e2lnite \u00een regimurile autoritare. Aceast\u0103 declara\u021bie a fost f\u0103cut\u0103 \u00een cadrul unui podcast realizat de Brian Tyler Cohen, conform <a href=\"https:\/\/www.lefigaro.fr\/international\/video-raciste-publiee-par-trump-barack-obama-denonce-un-spectacle-de-clowns-20260215\" target=\"_blank\" rel=\"noopener\">Le Figaro<\/a>.<\/p>\n<p>\u201eComportamentul inadecvat al agen\u021bilor guvernului federal este extrem de alarmant \u0219i periculos. L-am observat \u00een trecut \u00een \u021b\u0103ri autoritare \u0219i dictaturi\u201d, a afirmat Obama, subliniind \u00eengrijor\u0103rile generate de aceste ac\u021biuni.<\/p>\n<p>\u00cen ultimele s\u0103pt\u0103m\u00e2ni, \u00een Minneapolis, cel mai mare ora\u0219 din Minnesota, mii de agen\u021bi de la ICE \u0219i Protec\u021bia Frontierelor au efectuat raiduri \u00een c\u0103utarea infractorilor, a\u0219a cum sus\u021bineau Donald Trump \u0219i sus\u021bin\u0103torii s\u0103i. Aceste ac\u021biuni au dus la arestarea unui num\u0103r semnificativ de imigran\u021bi \u0219i cet\u0103\u021beni americani, \u00eenainte ca opera\u021biunea s\u0103 fie anulat\u0103 oficial s\u0103pt\u0103m\u00e2na aceasta. Doi cet\u0103\u021beni americani, Renee Good \u0219i Alex Pretti, care au \u00eencercat s\u0103 se opun\u0103 ac\u021biunilor ICE, au fost \u00eempu\u0219ca\u021bi \u0219i uci\u0219i de agen\u021bii federali, ceea ce a generat proteste ample.<\/p>\n<p>\u00cen cadrul podcast-ului, Obama a l\u0103udat curajul \u0219i determinarea celor care s-au opus acestor opera\u021biuni. \u201eAce\u0219tia sunt cet\u0103\u021beni care, \u00eentr-o manier\u0103 organizat\u0103, spun c\u0103 \u00abAceasta nu este America \u00een care credem\u00bb \u0219i c\u0103 vor lupta \u00eempotriva acestei situa\u021bii cu adev\u0103rul, cu camerele de filmat \u0219i prin proteste pa\u0219nice. Comportamentul eroic \u0219i perseverent al acestor oameni, chiar \u0219i \u00een condi\u021bii meteorologice severe, este motiv de speran\u021b\u0103. At\u00e2ta timp c\u00e2t avem astfel de oameni, cred c\u0103 vom dep\u0103\u0219i aceste provoc\u0103ri\u201d, a declarat fostul pre\u0219edinte.<\/p>\n<p>Obama a abordat \u0219i scandalul creat de un videoclip distribuit de Casa Alb\u0103, \u00een care Donald Trump l-a prezentat \u00eentr-o lumin\u0103 dezavantajoas\u0103. Fostul pre\u0219edinte a caracterizat degradarea discursului politic contemporan ca fiind un \u201espectacol de clovni\u201d, fiind prima sa reac\u021bie public\u0103 fa\u021b\u0103 de videoclipul rasist care \u00eel prezenta pe el \u0219i pe so\u021bia sa, Michelle Obama, suprapuse pe corpuri de maimu\u021be.<\/p>\n<p>\u201eMajoritatea americanilor consider\u0103 acest comportament profund deranjant\u201d, a subliniat Obama. \u201eExist\u0103 o astfel de atmosfer\u0103 de distrac\u021bie pe re\u021belele sociale \u0219i la televizor, iar realitatea este c\u0103 nu pare s\u0103 existe vreo ru\u0219ine \u00een r\u00e2ndul celor care, c\u00e2ndva, credeau c\u0103 este necesar\u0103 o anumit\u0103 decen\u021b\u0103, un sim\u021b al bunului sim\u021b \u0219i respect pentru func\u021bie. Aceste valori s-au pierdut\u201d, a explicat el.<\/p>\n<p>Videoclipul a st\u00e2rnit numeroase critici din partea democra\u021bilor \u0219i a unor republicani. \u00cen replic\u0103, Donald Trump a minimizat aceste critici, afirm\u00e2nd c\u0103 un membru al echipei sale a fost responsabil pentru postare. \u201eAm v\u0103zut doar prima parte a videoclipului \u0219i nu am \u0219tiut ce urma\u201d, a declarat Trump, ad\u0103ug\u00e2nd c\u0103 \u201enimeni nu \u0219tia ce era la final\u201d.<\/p>\n","protected":false},"excerpt":{"rendered":"<p>Fostul pre\u0219edinte al Statelor Unite, Barack Obama, a exprimat o ferm\u0103 condamnare fa\u021b\u0103 de ac\u021biunile desf\u0103\u0219urate de Serviciul de Imigrare \u0219i Control Vamal (ICE) \u00een Minnesota, compar\u00e2ndu-le cu comportamentele \u00eent\u00e2lnite \u00een regimurile autoritare. Aceast\u0103 declara\u021bie a fost f\u0103cut\u0103 \u00een cadrul unui podcast realizat de Brian Tyler Cohen, conform Le Figaro. \u201eComportamentul inadecvat al agen\u021bilor guvernului [&hellip;]<\/p>\n","protected":false},"author":2,"featured_media":3121,"comment_status":"open","ping_status":"open","sticky":false,"template":"","format":"standard","meta":{"jnews-multi-image_gallery":[],"jnews_single_post":[],"jnews_primary_category":[],"jnews_override_counter":[],"footnotes":""},"categories":[42],"tags":[5177,5176,5179,5180,1899,1897,1364,5178],"class_list":["post-3120","post","type-post","status-publish","format-standard","has-post-thumbnail","hentry","category-politica","tag-autoritarism","tag-barack-obama","tag-cetateni-americani","tag-declaratie","tag-ice","tag-imigratie","tag-minnesota","tag-raiduri"],"_links":{"self":[{"href":"https:\/\/www.newsrecorder.ro\/app\/wp-json\/wp\/v2\/posts\/3120","targetHints":{"allow":["GET"]}}],"collection":[{"href":"https:\/\/www.newsrecorder.ro\/app\/wp-json\/wp\/v2\/posts"}],"about":[{"href":"https:\/\/www.newsrecorder.ro\/app\/wp-json\/wp\/v2\/types\/post"}],"author":[{"embeddable":true,"href":"https:\/\/www.newsrecorder.ro\/app\/wp-json\/wp\/v2\/users\/2"}],"replies":[{"embeddable":true,"href":"https:\/\/www.newsrecorder.ro\/app\/wp-json\/wp\/v2\/comments?post=3120"}],"version-history":[{"count":0,"href":"https:\/\/www.newsrecorder.ro\/app\/wp-json\/wp\/v2\/posts\/3120\/revisions"}],"wp:featuredmedia":[{"embeddable":true,"href":"https:\/\/www.newsrecorder.ro\/app\/wp-json\/wp\/v2\/media\/3121"}],"wp:attachment":[{"href":"https:\/\/www.newsrecorder.ro\/app\/wp-json\/wp\/v2\/media?parent=3120"}],"wp:term":[{"taxonomy":"category","embeddable":true,"href":"https:\/\/www.newsrecorder.ro\/app\/wp-json\/wp\/v2\/categories?post=3120"},{"taxonomy":"post_tag","embeddable":true,"href":"https:\/\/www.newsrecorder.ro\/app\/wp-json\/wp\/v2\/tags?post=3120"}],"curies":[{"name":"wp","href":"https:\/\/api.w.org\/{rel}","templated":true}]}}