{"id":3124,"date":"2026-02-15T11:43:44","date_gmt":"2026-02-15T11:43:44","guid":{"rendered":"https:\/\/www.newsrecorder.ro\/app\/2026\/02\/15\/conferinta-de-securitate-de-la-munchen-colaborari-si-prioritati-ue-sua\/"},"modified":"2026-02-15T11:43:44","modified_gmt":"2026-02-15T11:43:44","slug":"conferinta-de-securitate-de-la-munchen-colaborari-si-prioritati-ue-sua","status":"publish","type":"post","link":"https:\/\/www.newsrecorder.ro\/app\/2026\/02\/15\/conferinta-de-securitate-de-la-munchen-colaborari-si-prioritati-ue-sua\/","title":{"rendered":"Conferin\u021ba de Securitate de la M\u00fcnchen: Colabor\u0103ri \u0219i priorit\u0103\u021bi UE-SUA"},"content":{"rendered":"<p>Kaja Kallas, la finalul unui panel de discu\u021bii la Conferin\u021ba de Securitate de la M\u00fcnchen, a exprimat rezerve cu privire la ideea desemn\u0103rii unui trimis al Uniunii Europene pentru negocierile de pace cu Rusia \u00een contextul invaziei din Ucraina. Ea a subliniat importan\u021ba nu doar a particip\u0103rii la negocieri, ci \u0219i a clarific\u0103rii cerin\u021belor pe care UE trebuie s\u0103 le adreseze Rusiei.<\/p>\n<p>\u201eMai important dec\u00e2t a avea un loc la mas\u0103 este s\u0103 \u0219tii ce s\u0103 ceri atunci c\u00e2nd e\u0219ti acolo\u201d, a declarat Kallas, insist\u00e2nd asupra necesit\u0103\u021bii ca Uniunea European\u0103 s\u0103 stabileasc\u0103 un set clar de cerin\u021be esen\u021biale. \u201eDe aceea am propus statelor membre un mandat concret cu solicit\u0103rile pe care trebuie s\u0103 le adres\u0103m Rusiei. Oricine va merge la acea mas\u0103, fie individual, fie bilateral, trebuie s\u0103 cear\u0103 aceste lucruri ru\u0219ilor. Avem un proverb estonian: dac\u0103 ceri mult, prime\u0219ti pu\u021bin; dac\u0103 ceri pu\u021bin, nu prime\u0219ti nimic; \u0219i dac\u0103 nu ceri nimic, pl\u0103te\u0219ti \u00een plus\u201d, a explicat ea, \u00eencheind astfel discu\u021biile din cadrul panelului.<\/p>\n<p>\u00cen alt\u0103 parte a conferin\u021bei, pre\u0219edintele leton Edgars Rink\u0113vi\u010ds a fost \u00eentrebat despre impactul alegerilor viitoare din Ungaria asupra parcursului Ucrainei spre Uniunea European\u0103. Rink\u0113vi\u010ds a fost prudent, men\u021bion\u00e2nd c\u0103 rezultatele sunt imprevizibile. \u201eAt\u00e2t Jocurile Olimpice, c\u00e2t \u0219i alegerile pot produce rezultate nea\u0219teptate. S\u0103 nu ne gr\u0103bim s\u0103 facem presupuneri; doar aleg\u0103torii din fiecare \u021bar\u0103 pot decide\u201d, a spus el, referindu-se la opozi\u021bia premierului ungar Viktor Orb\u00e1n fa\u021b\u0103 de aderarea Ucrainei. De asemenea, el a men\u021bionat c\u0103 anul viitor vor avea loc alegeri \u0219i \u00een Fran\u021ba \u0219i Polonia, ceea ce ar putea schimba dinamica procesului de aderare.<\/p>\n<p>Rink\u0113vi\u010ds a comentat \u0219i cererea pre\u0219edintelui ucrainean Volodimir Zelenski pentru o dat\u0103 clar\u0103 de aderare a Ucrainei la UE, afirm\u00e2nd c\u0103 Uniunea \u00een\u021belege importan\u021ba Ucrainei, dar c\u0103 \u00een prezent nu exist\u0103 disponibilitate pentru a stabili o dat\u0103 concret\u0103. \u201eUE vrea s\u0103 vad\u0103 Ucraina ader\u00e2nd c\u00e2t mai cur\u00e2nd posibil\u201d, a spus el, subliniind c\u0103 procesul trebuie s\u0103 ia \u00een considerare \u0219i situa\u021bia din Balcanii de Vest \u0219i Republica Moldova, ad\u0103ug\u00e2nd c\u0103 Moldova nu poate fi ignorat\u0103 odat\u0103 cu integrarea Ucrainei.<\/p>\n<p>Adjunctul secretarului general al NATO, Radmila \u0160ekerinska, a abordat necesitatea cre\u0219terii produc\u021biei de echipamente militare, reiter\u00e2nd mesajul ministrului francez Benjamin Haddad privind preferin\u021ba pentru produc\u021bia european\u0103. \u201eLa ultimul summit NATO de la Haga s-a convenit nu doar s\u0103 cre\u0219tem cheltuielile pentru ap\u0103rare, ci \u0219i s\u0103 acceler\u0103m produc\u021bia proprie\u201d, a declarat \u0160ekerinska, men\u021bion\u00e2nd c\u0103 stocurile actuale nu sunt suficiente pentru a r\u0103spunde nevoilor urgente ale Ucrainei, cum ar fi ap\u0103rarea aerian\u0103.<\/p>\n<p>Ministrul pentru Afaceri Europene al Fran\u021bei, Benjamin Haddad, a subliniat importan\u021ba \u201epreferin\u021bei europene\u201d \u00een achizi\u021biile de ap\u0103rare, afirm\u00e2nd c\u0103 este o chestiune de bun sim\u021b. \u201eNu are sens s\u0103 folosim bani pentru a sus\u021bine industrii din afara Europei, cum ar fi o fabric\u0103 din Kentucky, SUA\u201d, a declarat el, subliniind \u0219i importan\u021ba controlului asupra utiliz\u0103rii \u0219i exportului tehnologic al armamentului.<\/p>\n<p>Haddad a ad\u0103ugat c\u0103 Uniunea European\u0103 ar trebui s\u0103 se concentreze pe propriile priorit\u0103\u021bi \u0219i s\u0103 evite s\u0103 se lase influen\u021bat\u0103 de laudele din partea SUA. \u201eCea mai proast\u0103 lec\u021bie pe care am putea s\u0103 o tragem este s\u0103 ne ag\u0103\u021b\u0103m de c\u00e2teva cuvinte frumoase\u201d, a afirmat el, accentu\u00e2nd nevoia de a remodela rela\u021bia transatlantic\u0103 \u00eentr-un mod echilibrat.<\/p>\n<p>Kallas a comentat, de asemenea, c\u0103, de\u0219i pot exista divergen\u021be, colaborarea cu SUA este esen\u021bial\u0103. \u201eMesajul pe care l-am primit este c\u0103 America \u0219i Europa sunt str\u00e2ns legate, \u0219i vor r\u0103m\u00e2ne a\u0219a \u00een viitor. Nu suntem de acord pe toate problemele, dar cred c\u0103 putem construi pe aceast\u0103 baz\u0103\u201d, a spus Kallas.<\/p>\n<p>\u00cen ultima zi a Conferin\u021bei de Securitate de la M\u00fcnchen, Kallas a r\u0103spuns \u0219i la discursul senatorului american Marco Rubio, afirm\u00e2nd c\u0103 \u201eEuropa nu se confrunt\u0103 cu dispari\u021bia civiliza\u021biei\u201d \u0219i c\u0103 multe \u021b\u0103ri doresc s\u0103 se al\u0103ture Uniunii Europene. Ea a subliniat, totodat\u0103, provoc\u0103rile pe care le reprezint\u0103 Rusia, explic\u00e2nd c\u0103 scopul s\u0103u nu se limiteaz\u0103 doar la Ucraina. \u201eRusia nu este o superputere; dup\u0103 ani de conflict, economia sa este \u00een colaps \u0219i este izolat\u0103 de pie\u021bele energetice europene\u201d, a conchis Kallas, subliniind c\u0103 cea mai mare amenin\u021bare pe care o reprezint\u0103 Rusia este c\u0103 ob\u021bine mai mult la masa negocierilor dec\u00e2t pe c\u00e2mpul de lupt\u0103.<\/p>\n","protected":false},"excerpt":{"rendered":"<p>Kaja Kallas, la finalul unui panel de discu\u021bii la Conferin\u021ba de Securitate de la M\u00fcnchen, a exprimat rezerve cu privire la ideea desemn\u0103rii unui trimis al Uniunii Europene pentru negocierile de pace cu Rusia \u00een contextul invaziei din Ucraina. Ea a subliniat importan\u021ba nu doar a particip\u0103rii la negocieri, ci \u0219i a clarific\u0103rii cerin\u021belor pe [&hellip;]<\/p>\n","protected":false},"author":2,"featured_media":3125,"comment_status":"open","ping_status":"open","sticky":false,"template":"","format":"standard","meta":{"jnews-multi-image_gallery":[],"jnews_single_post":[],"jnews_primary_category":[],"jnews_override_counter":[],"footnotes":""},"categories":[41],"tags":[5186,4738,5185,3611,5187,5184,681,321],"class_list":["post-3124","post","type-post","status-publish","format-standard","has-post-thumbnail","hentry","category-externe","tag-cerinte-esentiale","tag-conferinta-de-securitate","tag-invazia-ucraina","tag-kaja-kallas","tag-mandat-concret","tag-negocieri-de-pace","tag-rusia","tag-uniunea-europeana"],"_links":{"self":[{"href":"https:\/\/www.newsrecorder.ro\/app\/wp-json\/wp\/v2\/posts\/3124","targetHints":{"allow":["GET"]}}],"collection":[{"href":"https:\/\/www.newsrecorder.ro\/app\/wp-json\/wp\/v2\/posts"}],"about":[{"href":"https:\/\/www.newsrecorder.ro\/app\/wp-json\/wp\/v2\/types\/post"}],"author":[{"embeddable":true,"href":"https:\/\/www.newsrecorder.ro\/app\/wp-json\/wp\/v2\/users\/2"}],"replies":[{"embeddable":true,"href":"https:\/\/www.newsrecorder.ro\/app\/wp-json\/wp\/v2\/comments?post=3124"}],"version-history":[{"count":0,"href":"https:\/\/www.newsrecorder.ro\/app\/wp-json\/wp\/v2\/posts\/3124\/revisions"}],"wp:featuredmedia":[{"embeddable":true,"href":"https:\/\/www.newsrecorder.ro\/app\/wp-json\/wp\/v2\/media\/3125"}],"wp:attachment":[{"href":"https:\/\/www.newsrecorder.ro\/app\/wp-json\/wp\/v2\/media?parent=3124"}],"wp:term":[{"taxonomy":"category","embeddable":true,"href":"https:\/\/www.newsrecorder.ro\/app\/wp-json\/wp\/v2\/categories?post=3124"},{"taxonomy":"post_tag","embeddable":true,"href":"https:\/\/www.newsrecorder.ro\/app\/wp-json\/wp\/v2\/tags?post=3124"}],"curies":[{"name":"wp","href":"https:\/\/api.w.org\/{rel}","templated":true}]}}