{"id":3148,"date":"2026-02-15T11:47:37","date_gmt":"2026-02-15T11:47:37","guid":{"rendered":"https:\/\/www.newsrecorder.ro\/app\/2026\/02\/15\/accident-grav-in-sanmarghita-cinci-raniti-intre-care-doi-copii\/"},"modified":"2026-02-15T11:47:37","modified_gmt":"2026-02-15T11:47:37","slug":"accident-grav-in-sanmarghita-cinci-raniti-intre-care-doi-copii","status":"publish","type":"post","link":"https:\/\/www.newsrecorder.ro\/app\/2026\/02\/15\/accident-grav-in-sanmarghita-cinci-raniti-intre-care-doi-copii\/","title":{"rendered":"Accident grav \u00een S\u00e2nm\u0103rghita: Cinci r\u0103ni\u021bi, \u00eentre care doi copii!"},"content":{"rendered":"<p>Echipajele de interven\u021bie au sosit rapid la locul unui accident rutier, unde au g\u0103sit dou\u0103 vehicule avariate. \u00cen interiorul unuia dintre acestea se afla o femeie \u00een v\u00e2rst\u0103 de aproximativ 70 de ani, care era \u00eencarcerat\u0103. Pompierii au intervenit prompt pentru a o salva, iar victima a fost con\u0219tient\u0103 \u0219i cooperant\u0103 pe parcursul \u00eentregii opera\u021biuni de descarcerare.<\/p>\n<p>\u00cen urma accidentului, cinci persoane au fost evaluate medical la fa\u021ba locului, printre care se num\u0103rau doi minori, ambii \u00een v\u00e2rst\u0103 de 6 ani, \u0219i un b\u0103rbat de 37 de ani. Dup\u0103 evaluare, toate cele cinci victime au fost transportate la spital pentru investiga\u021bii suplimentare \u0219i \u00eengrijiri medicale de specialitate.<\/p>\n<p>Interven\u021bia a fost asigurat\u0103 de o autospecial\u0103 de stingere dotat\u0103 cu modul de descarcerare, o ambulan\u021b\u0103 SMURD \u0219i echipajul Serviciului de Ambulan\u021b\u0103 Jude\u021bean Cluj. De asemenea, a fost solicitat \u00een sprijin \u0219i un elicopter SMURD de la Punctul de Operare Aeromedical Jibou, care a fost gata s\u0103 intervin\u0103 \u00een caz de nevoie.<\/p>\n<p>Cercet\u0103rile sunt \u00een desf\u0103\u0219urare pentru a determina cauzele care au condus la producerea acestui accident.<\/p>\n","protected":false},"excerpt":{"rendered":"<p>Echipajele de interven\u021bie au sosit rapid la locul unui accident rutier, unde au g\u0103sit dou\u0103 vehicule avariate. \u00cen interiorul unuia dintre acestea se afla o femeie \u00een v\u00e2rst\u0103 de aproximativ 70 de ani, care era \u00eencarcerat\u0103. Pompierii au intervenit prompt pentru a o salva, iar victima a fost con\u0219tient\u0103 \u0219i cooperant\u0103 pe parcursul \u00eentregii opera\u021biuni [&hellip;]<\/p>\n","protected":false},"author":2,"featured_media":3149,"comment_status":"open","ping_status":"open","sticky":false,"template":"","format":"standard","meta":{"jnews-multi-image_gallery":[],"jnews_single_post":[],"jnews_primary_category":[],"jnews_override_counter":[],"footnotes":""},"categories":[39],"tags":[501,5232,5230,5233,5231,2437,3039,694],"class_list":["post-3148","post","type-post","status-publish","format-standard","has-post-thumbnail","hentry","category-stirile-zilei","tag-accident-rutier","tag-ambulanta-smurd","tag-descarcerare","tag-elicopter-smurd","tag-evaluare-medicala","tag-interventie","tag-pompieri","tag-victime"],"_links":{"self":[{"href":"https:\/\/www.newsrecorder.ro\/app\/wp-json\/wp\/v2\/posts\/3148","targetHints":{"allow":["GET"]}}],"collection":[{"href":"https:\/\/www.newsrecorder.ro\/app\/wp-json\/wp\/v2\/posts"}],"about":[{"href":"https:\/\/www.newsrecorder.ro\/app\/wp-json\/wp\/v2\/types\/post"}],"author":[{"embeddable":true,"href":"https:\/\/www.newsrecorder.ro\/app\/wp-json\/wp\/v2\/users\/2"}],"replies":[{"embeddable":true,"href":"https:\/\/www.newsrecorder.ro\/app\/wp-json\/wp\/v2\/comments?post=3148"}],"version-history":[{"count":0,"href":"https:\/\/www.newsrecorder.ro\/app\/wp-json\/wp\/v2\/posts\/3148\/revisions"}],"wp:featuredmedia":[{"embeddable":true,"href":"https:\/\/www.newsrecorder.ro\/app\/wp-json\/wp\/v2\/media\/3149"}],"wp:attachment":[{"href":"https:\/\/www.newsrecorder.ro\/app\/wp-json\/wp\/v2\/media?parent=3148"}],"wp:term":[{"taxonomy":"category","embeddable":true,"href":"https:\/\/www.newsrecorder.ro\/app\/wp-json\/wp\/v2\/categories?post=3148"},{"taxonomy":"post_tag","embeddable":true,"href":"https:\/\/www.newsrecorder.ro\/app\/wp-json\/wp\/v2\/tags?post=3148"}],"curies":[{"name":"wp","href":"https:\/\/api.w.org\/{rel}","templated":true}]}}