{"id":3152,"date":"2026-02-15T12:13:04","date_gmt":"2026-02-15T12:13:04","guid":{"rendered":"https:\/\/www.newsrecorder.ro\/app\/2026\/02\/15\/atacuri-aeriene-israeliene-in-gaza-bilant-tragic-de-noua-morti\/"},"modified":"2026-02-15T12:13:04","modified_gmt":"2026-02-15T12:13:04","slug":"atacuri-aeriene-israeliene-in-gaza-bilant-tragic-de-noua-morti","status":"publish","type":"post","link":"https:\/\/www.newsrecorder.ro\/app\/2026\/02\/15\/atacuri-aeriene-israeliene-in-gaza-bilant-tragic-de-noua-morti\/","title":{"rendered":"Atacuri aeriene israeliene \u00een Gaza: Bilant tragic de nou\u0103 mor\u021bi!"},"content":{"rendered":"<p>Recent, Israelul a efectuat o serie de atacuri aeriene, ca r\u0103spuns la acuza\u021biile armatei israeliene c\u0103 gruparea Hamas a \u00eenc\u0103lcat armisti\u021biul. Conform informa\u021biilor furnizate de <a href=\"https:\/\/www.reuters.com\/world\/middle-east\/israeli-airstrikes-kill-9-gaza-including-tent-camp-palestinian-officials-say-2026-02-15\/\" target=\"_blank\" rel=\"noopener\">Reuters<\/a>, aceste ac\u021biuni au avut loc \u00een contextul tensiunilor din regiune.<\/p>\n<p>Medicii din Gaza au raportat c\u0103 un atac aerian asupra unei tabere de corturi, care ad\u0103postea familii str\u0103mutate, a condus la moartea a cel pu\u021bin patru persoane. De asemenea, un alt bombardament \u00een ora\u0219ul Khan Younis, situat \u00een sudul F\u00e2\u0219iei Gaza, a dus la decesul a cinci indivizi.<\/p>\n<p>Un oficial din cadrul armatei israeliene a explicat c\u0103 aceste lovituri au fost declan\u0219ate de ceea ce a fost descris drept \u201e\u00eenc\u0103lc\u0103ri flagrante ale armisti\u021biului\u201d din partea Hamas, \u00een special \u00een zona Beit Hanoun. Potrivit acestuia, militan\u021bi palestinieni ar fi ie\u0219it dintr-un tunel situat la est de \u201eLinia Galben\u0103\u201d, o zon\u0103 de demarca\u021bie stabilit\u0103 prin acordul de \u00eencetare a focului.<\/p>\n<p>Reprezentantul For\u021belor de Ap\u0103rare ale Israelului (IDF) a declarat c\u0103 atacurile aeriene din Gaza au fost \u201eprecise\u201d \u0219i \u00een conformitate cu normele dreptului interna\u021bional. De asemenea, oficialul a afirmat c\u0103 Hamas ar fi comis peste \u0219ase \u00eenc\u0103lc\u0103ri ale armisti\u021biului stabilit \u00een luna octombrie, inclusiv desf\u0103\u0219urarea de combatan\u021bi \u00een zone interzise.<\/p>\n<p>\u00cen acest context, Israelul \u0219i Hamas s-au acuzat reciproc de \u00eenc\u0103lcarea acordului de \u00eencetare a focului, un aspect considerat esen\u021bial \u00een planul propus de pre\u0219edintele american Donald Trump pentru solu\u021bionarea conflictului din Gaza.<\/p>\n<p>Armata israelian\u0103 a anun\u021bat c\u0103, \u00een urma unor observa\u021bii, a identificat persoane \u00eenarmate \u00een apropierea trupelor sale din nordul F\u00e2\u0219iei Gaza \u0219i c\u0103 a continuat s\u0103 distrug\u0103 tunelurile subterane, conform acordului. IDF a raportat c\u0103 avioanele sale au lovit o cl\u0103dire unde se ascundeau combatan\u021bi, elimin\u00e2nd astfel cel pu\u021bin doi dintre ace\u0219tia.<\/p>\n<p>Ministerul S\u0103n\u0103t\u0103\u021bii din Gaza a declarat c\u0103, de la intrarea \u00een vigoare a acordului, au fost uci\u0219i cel pu\u021bin 600 de palestinieni din cauza focului israelian. \u00cen contrast, autorit\u0103\u021bile israeliene au informat c\u0103 patru solda\u021bi israelieni au fost omor\u00e2\u021bi de militan\u021bi palestinieni \u00een aceea\u0219i perioad\u0103.<\/p>\n","protected":false},"excerpt":{"rendered":"<p>Recent, Israelul a efectuat o serie de atacuri aeriene, ca r\u0103spuns la acuza\u021biile armatei israeliene c\u0103 gruparea Hamas a \u00eenc\u0103lcat armisti\u021biul. Conform informa\u021biilor furnizate de Reuters, aceste ac\u021biuni au avut loc \u00een contextul tensiunilor din regiune. Medicii din Gaza au raportat c\u0103 un atac aerian asupra unei tabere de corturi, care ad\u0103postea familii str\u0103mutate, a [&hellip;]<\/p>\n","protected":false},"author":2,"featured_media":3153,"comment_status":"open","ping_status":"open","sticky":false,"template":"","format":"standard","meta":{"jnews-multi-image_gallery":[],"jnews_single_post":[],"jnews_primary_category":[],"jnews_override_counter":[],"footnotes":""},"categories":[41],"tags":[2209,3608,5241,1853,1716,268,5240,1357],"class_list":["post-3152","post","type-post","status-publish","format-standard","has-post-thumbnail","hentry","category-externe","tag-armistitiu","tag-atacuri-aeriene","tag-beit-hanoun","tag-gaza","tag-hamas","tag-israel","tag-khan-younis","tag-tensiuni"],"_links":{"self":[{"href":"https:\/\/www.newsrecorder.ro\/app\/wp-json\/wp\/v2\/posts\/3152","targetHints":{"allow":["GET"]}}],"collection":[{"href":"https:\/\/www.newsrecorder.ro\/app\/wp-json\/wp\/v2\/posts"}],"about":[{"href":"https:\/\/www.newsrecorder.ro\/app\/wp-json\/wp\/v2\/types\/post"}],"author":[{"embeddable":true,"href":"https:\/\/www.newsrecorder.ro\/app\/wp-json\/wp\/v2\/users\/2"}],"replies":[{"embeddable":true,"href":"https:\/\/www.newsrecorder.ro\/app\/wp-json\/wp\/v2\/comments?post=3152"}],"version-history":[{"count":0,"href":"https:\/\/www.newsrecorder.ro\/app\/wp-json\/wp\/v2\/posts\/3152\/revisions"}],"wp:featuredmedia":[{"embeddable":true,"href":"https:\/\/www.newsrecorder.ro\/app\/wp-json\/wp\/v2\/media\/3153"}],"wp:attachment":[{"href":"https:\/\/www.newsrecorder.ro\/app\/wp-json\/wp\/v2\/media?parent=3152"}],"wp:term":[{"taxonomy":"category","embeddable":true,"href":"https:\/\/www.newsrecorder.ro\/app\/wp-json\/wp\/v2\/categories?post=3152"},{"taxonomy":"post_tag","embeddable":true,"href":"https:\/\/www.newsrecorder.ro\/app\/wp-json\/wp\/v2\/tags?post=3152"}],"curies":[{"name":"wp","href":"https:\/\/api.w.org\/{rel}","templated":true}]}}