{"id":3172,"date":"2026-02-15T19:24:12","date_gmt":"2026-02-15T19:24:12","guid":{"rendered":"https:\/\/www.newsrecorder.ro\/app\/2026\/02\/15\/racire-drastica-si-ninsori-cod-galben-de-vant-in-mai-multe-judete\/"},"modified":"2026-02-15T19:24:12","modified_gmt":"2026-02-15T19:24:12","slug":"racire-drastica-si-ninsori-cod-galben-de-vant-in-mai-multe-judete","status":"publish","type":"post","link":"https:\/\/www.newsrecorder.ro\/app\/2026\/02\/15\/racire-drastica-si-ninsori-cod-galben-de-vant-in-mai-multe-judete\/","title":{"rendered":"R\u0103cire drastic\u0103 \u0219i ninsori: Cod galben de v\u00e2nt \u00een mai multe jude\u021be!"},"content":{"rendered":"<p>Meteorologii au emis o avertizare referitoare la vreme, anun\u021b\u00e2nd c\u0103 \u00een urm\u0103toarele zile, precipita\u021biile vor afecta aproape \u00eentreaga \u021bar\u0103, iar la munte, acestea vor fi predominant sub form\u0103 de ninsoare \u0219i lapovi\u021b\u0103.<\/p>\n<p>Ninsori sunt prognozate \u00een regiunile Moldova, Transilvania, Maramure\u0219, precum \u0219i \u00een Dealurile de Vest. De duminic\u0103, vremea se va r\u0103ci considerabil, \u00een special \u00een jum\u0103tatea de nord a \u021b\u0103rii, iar ulterior \u0219i \u00een restul regiunilor.<\/p>\n<p>Conform unui comunicat emis de Administra\u021bia Na\u021bional\u0103 de Meteorologie (ANM), p\u00e2n\u0103 luni diminea\u021ba, cantitatea total\u0103 de precipita\u021bii se va \u00eencadra \u00eentre 10 \u0219i 15 l\/mp, cu zone izolate unde se vor \u00eenregistra valori de 20 p\u00e2n\u0103 la 30 l\/mp.<\/p>\n<p>\u201ePrecipita\u021biile vor fi \u00een principal sub form\u0103 de ploaie, iar la munte, treptat, se va accentua ninsoarea, cu acumul\u0103ri de z\u0103pad\u0103 (\u00een special la altitudini de peste 1500 m) de 10-15 cm, izolat \u00een jur de 20 cm\u201d, a declarat ANM.<\/p>\n<p>Duminic\u0103, 15 februarie, \u0219i \u00een noaptea de duminic\u0103 spre luni, se a\u0219teapt\u0103 ninsori \u0219i lapovi\u021b\u0103 \u0219i \u00een Moldova, precum \u0219i local \u00een Transilvania, Maramure\u0219 \u0219i Dealurile de Vest. \u00cen aceste zone, stratul de z\u0103pad\u0103 va atinge 5-8 cm, iar pe alocuri se va forma ghe\u021bu\u0219.<\/p>\n<p>\u201ePe parcursul zilei, v\u00e2ntul va avea intensific\u0103ri \u00een majoritatea regiunilor, cu viteze cuprinse \u00eentre 40 \u0219i 60 km\/h. Vremea se va r\u0103ci brusc, \u00eencep\u00e2nd din nordul \u021b\u0103rii, urmat\u0103 de restul regiunilor\u201d, a ad\u0103ugat ANM.<\/p>\n<p>Un cod galben a fost emis pentru ziua de duminic\u0103, valabil \u00eentre orele 08:00 \u0219i 14:00, c\u00e2nd se preconizeaz\u0103 intensific\u0103ri ale v\u00e2ntului \u00een Dobrogea \u0219i estul Munteniei, cu rafale de 50-60 km\/h.<\/p>\n<p>De asemenea, \u00een perioada de duminic\u0103 dup\u0103-amiaz\u0103 p\u00e2n\u0103 luni diminea\u021b\u0103, jude\u021bele Vaslui, Gala\u021bi, Vrancea, Tulcea, Constan\u021ba, Br\u0103ila, Ialomi\u021ba, C\u0103l\u0103ra\u0219i, Giurgiu, Teleorman, Olt, Dolj \u0219i Mehedin\u021bi vor fi afectate de v\u00e2nt cu rafale similare de 50-60 km\/h, iar \u00een unele locuri chiar 65-70 km\/h.<\/p>\n<p>\u00cen acela\u0219i interval, ANM a emis un cod galben pentru ninsori viscolite \u0219i acumul\u0103ri de z\u0103pad\u0103 \u00een jude\u021bele Boto\u0219ani, Ia\u0219i, zona joas\u0103 a jude\u021belor Suceava, Neam\u021b, Bac\u0103u, precum \u0219i \u00een zonele montane ale jude\u021belor Cara\u0219-Severin, Hunedoara, Gorj, Buz\u0103u, Vrancea \u0219i Covasna.<\/p>\n<p>\u201eSe preconizeaz\u0103 c\u0103 va ninge viscolit temporar, iar stratul de z\u0103pad\u0103 va fi \u00een medie de 5-15 cm, cu vizibilitate redus\u0103 \u00een anumite zone\u201d, a ad\u0103ugat ANM.<\/p>\n<p>V\u00e2ntul va atinge viteze de rafal\u0103 de 50-60 km\/h, iar \u00een unele locuri, se estimeaz\u0103 chiar 70-80 km\/h.<\/p>\n","protected":false},"excerpt":{"rendered":"<p>Meteorologii au emis o avertizare referitoare la vreme, anun\u021b\u00e2nd c\u0103 \u00een urm\u0103toarele zile, precipita\u021biile vor afecta aproape \u00eentreaga \u021bar\u0103, iar la munte, acestea vor fi predominant sub form\u0103 de ninsoare \u0219i lapovi\u021b\u0103. Ninsori sunt prognozate \u00een regiunile Moldova, Transilvania, Maramure\u0219, precum \u0219i \u00een Dealurile de Vest. De duminic\u0103, vremea se va r\u0103ci considerabil, \u00een special [&hellip;]<\/p>\n","protected":false},"author":5,"featured_media":3173,"comment_status":"open","ping_status":"open","sticky":false,"template":"","format":"standard","meta":{"jnews-multi-image_gallery":[],"jnews_single_post":[],"jnews_primary_category":[],"jnews_override_counter":[],"footnotes":""},"categories":[45],"tags":[1816,1563,4029,743,135,141,5249,125],"class_list":["post-3172","post","type-post","status-publish","format-standard","has-post-thumbnail","hentry","category-meteo","tag-administratia-nationala-de-meteorologie","tag-avertizare-meteorologica","tag-lapovita","tag-ninsoare","tag-precipitatii","tag-prognoza-meteo","tag-regiunile-romania","tag-vreme"],"_links":{"self":[{"href":"https:\/\/www.newsrecorder.ro\/app\/wp-json\/wp\/v2\/posts\/3172","targetHints":{"allow":["GET"]}}],"collection":[{"href":"https:\/\/www.newsrecorder.ro\/app\/wp-json\/wp\/v2\/posts"}],"about":[{"href":"https:\/\/www.newsrecorder.ro\/app\/wp-json\/wp\/v2\/types\/post"}],"author":[{"embeddable":true,"href":"https:\/\/www.newsrecorder.ro\/app\/wp-json\/wp\/v2\/users\/5"}],"replies":[{"embeddable":true,"href":"https:\/\/www.newsrecorder.ro\/app\/wp-json\/wp\/v2\/comments?post=3172"}],"version-history":[{"count":0,"href":"https:\/\/www.newsrecorder.ro\/app\/wp-json\/wp\/v2\/posts\/3172\/revisions"}],"wp:featuredmedia":[{"embeddable":true,"href":"https:\/\/www.newsrecorder.ro\/app\/wp-json\/wp\/v2\/media\/3173"}],"wp:attachment":[{"href":"https:\/\/www.newsrecorder.ro\/app\/wp-json\/wp\/v2\/media?parent=3172"}],"wp:term":[{"taxonomy":"category","embeddable":true,"href":"https:\/\/www.newsrecorder.ro\/app\/wp-json\/wp\/v2\/categories?post=3172"},{"taxonomy":"post_tag","embeddable":true,"href":"https:\/\/www.newsrecorder.ro\/app\/wp-json\/wp\/v2\/tags?post=3172"}],"curies":[{"name":"wp","href":"https:\/\/api.w.org\/{rel}","templated":true}]}}