{"id":3174,"date":"2026-02-15T19:24:27","date_gmt":"2026-02-15T19:24:27","guid":{"rendered":"https:\/\/www.newsrecorder.ro\/app\/2026\/02\/15\/saptamana-viitoare-aduce-ninsori-extinse-in-sudul-tarii\/"},"modified":"2026-02-15T19:24:27","modified_gmt":"2026-02-15T19:24:27","slug":"saptamana-viitoare-aduce-ninsori-extinse-in-sudul-tarii","status":"publish","type":"post","link":"https:\/\/www.newsrecorder.ro\/app\/2026\/02\/15\/saptamana-viitoare-aduce-ninsori-extinse-in-sudul-tarii\/","title":{"rendered":"S\u0103pt\u0103m\u00e2na viitoare aduce ninsori extinse \u00een sudul \u021b\u0103rii!"},"content":{"rendered":"<p>O analiz\u0103 recent\u0103 a modelului ECMWF, disponibil\u0103 pe platforma WXCharts \u0219i consultat\u0103 de Mediafax, sugereaz\u0103 o posibil\u0103 revenire a vremii de iarn\u0103 \u00een prima parte a s\u0103pt\u0103m\u00e2nii viitoare. Aceasta ar putea include o r\u0103cire semnificativ\u0103 \u0219i precipita\u021bii ce vor putea s\u0103 se transforme \u00een ninsoare, pe suprafe\u021be extinse, chiar \u0219i \u00een zona Capitalei.<\/p>\n<p>Conform scenariului evaluat, zilele de 14 \u0219i 15 februarie sunt preconizate a aduce precipita\u021bii mai intense, \u00een special \u00een regiunile vestice \u0219i sud-vestice ale \u021b\u0103rii, cu un accent deosebit pe Oltenia \u0219i Banat, dar \u0219i \u00een zonele montane, unde ninsorile devin o certitudine.<\/p>\n<p>A\u0219adar, \u00eencep\u00e2nd cu luni, 16 februarie, modelul prezice p\u0103trunderea unei mase de aer rece, ceea ce va determina extinderea precipita\u021biilor c\u0103tre centrul \u0219i sudul \u021b\u0103rii. \u00cen acest context, se estimeaz\u0103 c\u0103 luni seara \u0219i mar\u021bi (16\u201317 februarie) va exista o probabilitate crescut\u0103 de ninsoare pe o band\u0103 mai larg\u0103, afect\u00e2nd \u00een special sudul \u0219i estul, inclusiv Bucure\u0219tiul \u0219i regiunile din Moldova.<\/p>\n<p>Proiec\u021bia pentru miercuri, 18 februarie, arat\u0103 o tendin\u021b\u0103 de restr\u00e2ngere a precipita\u021biilor \u00een direc\u021bia estului \u0219i nord-estului, cu o aten\u021bie deosebit\u0103 asupra Dobrogei. \u00cen ziua de 19 februarie, se preconizeaz\u0103 o diminuare a activit\u0103\u021bii precipita\u021biilor, care ar putea s\u0103 devin\u0103 mai sc\u0103zut\u0103 \u00een majoritatea regiunilor.<\/p>\n<p>O analiz\u0103 separat\u0103, tot consultat\u0103 de Mediafax, sugereaz\u0103 c\u0103 \u00een zona Bucure\u0219tiului ar putea c\u0103dea un strat de z\u0103pad\u0103 de peste 10 cm. Precipita\u021biile sub form\u0103 de ninsoare se a\u0219teapt\u0103 s\u0103 se extind\u0103 pe arii mari \u00een sudul \u0219i estul \u021b\u0103rii.<\/p>\n<p>Meteorologii atrag aten\u021bia asupra faptului c\u0103 aceste <strong>rul\u0103ri constituie doar scenarii de model care pot suferi modific\u0103ri semnificative de la o actualizare la alta.<\/strong> Detalii precum aria exact\u0103 a ninsorilor, intensitatea \u0219i durata acestora se vor contura mai clar pe m\u0103sur\u0103 ce datele se apropie de intervalul prev\u0103zut.<\/p>\n","protected":false},"excerpt":{"rendered":"<p>O analiz\u0103 recent\u0103 a modelului ECMWF, disponibil\u0103 pe platforma WXCharts \u0219i consultat\u0103 de Mediafax, sugereaz\u0103 o posibil\u0103 revenire a vremii de iarn\u0103 \u00een prima parte a s\u0103pt\u0103m\u00e2nii viitoare. Aceasta ar putea include o r\u0103cire semnificativ\u0103 \u0219i precipita\u021bii ce vor putea s\u0103 se transforme \u00een ninsoare, pe suprafe\u021be extinse, chiar \u0219i \u00een zona Capitalei. Conform scenariului [&hellip;]<\/p>\n","protected":false},"author":5,"featured_media":3175,"comment_status":"open","ping_status":"open","sticky":false,"template":"","format":"standard","meta":{"jnews-multi-image_gallery":[],"jnews_single_post":[],"jnews_primary_category":[],"jnews_override_counter":[],"footnotes":""},"categories":[45],"tags":[197,362,4552,743,3209,135,125,4850],"class_list":["post-3174","post","type-post","status-publish","format-standard","has-post-thumbnail","hentry","category-meteo","tag-banat","tag-bucuresti","tag-ecmwf","tag-ninsoare","tag-oltenia","tag-precipitatii","tag-vreme","tag-wxcharts"],"_links":{"self":[{"href":"https:\/\/www.newsrecorder.ro\/app\/wp-json\/wp\/v2\/posts\/3174","targetHints":{"allow":["GET"]}}],"collection":[{"href":"https:\/\/www.newsrecorder.ro\/app\/wp-json\/wp\/v2\/posts"}],"about":[{"href":"https:\/\/www.newsrecorder.ro\/app\/wp-json\/wp\/v2\/types\/post"}],"author":[{"embeddable":true,"href":"https:\/\/www.newsrecorder.ro\/app\/wp-json\/wp\/v2\/users\/5"}],"replies":[{"embeddable":true,"href":"https:\/\/www.newsrecorder.ro\/app\/wp-json\/wp\/v2\/comments?post=3174"}],"version-history":[{"count":0,"href":"https:\/\/www.newsrecorder.ro\/app\/wp-json\/wp\/v2\/posts\/3174\/revisions"}],"wp:featuredmedia":[{"embeddable":true,"href":"https:\/\/www.newsrecorder.ro\/app\/wp-json\/wp\/v2\/media\/3175"}],"wp:attachment":[{"href":"https:\/\/www.newsrecorder.ro\/app\/wp-json\/wp\/v2\/media?parent=3174"}],"wp:term":[{"taxonomy":"category","embeddable":true,"href":"https:\/\/www.newsrecorder.ro\/app\/wp-json\/wp\/v2\/categories?post=3174"},{"taxonomy":"post_tag","embeddable":true,"href":"https:\/\/www.newsrecorder.ro\/app\/wp-json\/wp\/v2\/tags?post=3174"}],"curies":[{"name":"wp","href":"https:\/\/api.w.org\/{rel}","templated":true}]}}