{"id":3182,"date":"2026-02-15T19:25:37","date_gmt":"2026-02-15T19:25:37","guid":{"rendered":"https:\/\/www.newsrecorder.ro\/app\/2026\/02\/15\/avertizari-meteo-ploi-vant-si-ninsori-viscolite-in-zonele-afectate\/"},"modified":"2026-02-15T19:25:37","modified_gmt":"2026-02-15T19:25:37","slug":"avertizari-meteo-ploi-vant-si-ninsori-viscolite-in-zonele-afectate","status":"publish","type":"post","link":"https:\/\/www.newsrecorder.ro\/app\/2026\/02\/15\/avertizari-meteo-ploi-vant-si-ninsori-viscolite-in-zonele-afectate\/","title":{"rendered":"Avertiz\u0103ri meteo: Ploi, v\u00e2nt \u0219i ninsori viscolite \u00een zonele afectate!"},"content":{"rendered":"<p>\u00centre 5 februarie, ora 10:00, \u0219i 6 februarie, ora 10:00, meteorologii au emis o informare privind precipita\u021bii moderate \u0219i intensific\u0103ri ale v\u00e2ntului, care vor afecta majoritatea teritoriului na\u021bional.<\/p>\n<p>\u00cen aceast\u0103 perioad\u0103, se anticipateaz\u0103 precipita\u021bii \u00een mare parte a \u021b\u0103rii. \u00cen special, \u00een Moldova \u0219i estul Transilvaniei, se pot \u00eenregistra lapovi\u021b\u0103 \u0219i ninsoare \u00een noaptea de joi spre vineri, iar condi\u021biile de polei vor persista. La altitudini de peste 1500 de metri, \u00een zona montan\u0103, vor fi ninsori. \u00cen sudul \u0219i estul \u021b\u0103rii, cantit\u0103\u021bile de ap\u0103 vor varia \u00eentre 10 \u0219i 20 l\/mp, \u00een timp ce \u00een nord-estul Munteniei \u0219i sudul Moldovei se estimeaz\u0103 acumul\u0103ri de peste 25 p\u00e2n\u0103 la 35 l\/mp.<\/p>\n<p>Intensific\u0103ri ale v\u00e2ntului se vor manifesta \u00een regiunile sud-vestice \u0219i estice, precum \u0219i \u00een alte zone mai restr\u00e2nse, cu viteze cuprinse \u00eentre 40 \u0219i 50 km\/h. Pe crestele montane, rafalele ar putea dep\u0103\u0219i 80 p\u00e2n\u0103 la 90 km\/h.<\/p>\n<p><strong>Cod galben de precipita\u021bii, ninsori viscolite la munte \u0219i v\u00e2nt puternic<\/strong><\/p>\n<p>Meteorologii au emis, de asemenea, dou\u0103 avertiz\u0103ri Cod galben.<\/p>\n<p><strong>Prima avertizare Cod galben<\/strong> este activ\u0103 \u00eentre 5 februarie, ora 10:00, \u0219i 6 februarie, ora 10:00, \u0219i preconizeaz\u0103 precipita\u021bii semnificative. La munte, se a\u0219teapt\u0103 ninsori viscolite \u0219i formarea unui nou strat de z\u0103pad\u0103.<\/p>\n<p>Conform ANM, \u201e\u00een jude\u021bele Prahova, Buz\u0103u \u0219i Vrancea, se vor \u00eenregistra ploi cu acumul\u0103ri de 25 p\u00e2n\u0103 la 35 l\/mp, iar izolat, valorile ar putea dep\u0103\u0219i 40 p\u00e2n\u0103 la 50 l\/mp. \u00cen zona montan\u0103 a jude\u021belor Arge\u0219, D\u00e2mbovi\u021ba, Prahova, Buz\u0103u, Vrancea, Bra\u0219ov \u0219i Covasna, la altitudini de peste 1500 m, precipita\u021biile vor fi predominant sub form\u0103 de ninsoare, gener\u00e2nd un strat nou de z\u0103pad\u0103 de aproximativ 15 p\u00e2n\u0103 la 30 cm (echivalentul \u00een ap\u0103 de 20 p\u00e2n\u0103 la 30 l\/mp). V\u00e2ntul va avea intensific\u0103ri temporare, cu rafale de 90 p\u00e2n\u0103 la 100 km\/h, viscolind ninsoarea \u0219i reduc\u00e2nd vizibilitatea sub 100 m\u201d.<\/p>\n<p><strong>Cea de-a doua avertizare Cod galben<\/strong>, ce vizeaz\u0103 v\u00e2ntul puternic, este valabil\u0103 pe 5 februarie, \u00eentre ora 10:00 \u0219i 20:00.<\/p>\n<p>Aceasta se aplic\u0103 jude\u021bului Cara\u0219-Severin \u0219i, local, jude\u021bului Timi\u0219. \u00cen aceste zone, v\u00e2ntul va atinge intensific\u0103ri de 50 p\u00e2n\u0103 la 70 km\/h, iar \u00een Mun\u021bii Banatului \u0219i \u00een zona \u00eenalt\u0103 din vestul Carpa\u021bilor Meridionali, rafalele vor putea ajunge la 90 p\u00e2n\u0103 la 100 km\/h, viscolind z\u0103pada c\u0103zut\u0103, conform anun\u021bului ANM.<\/p>\n","protected":false},"excerpt":{"rendered":"<p>\u00centre 5 februarie, ora 10:00, \u0219i 6 februarie, ora 10:00, meteorologii au emis o informare privind precipita\u021bii moderate \u0219i intensific\u0103ri ale v\u00e2ntului, care vor afecta majoritatea teritoriului na\u021bional. \u00cen aceast\u0103 perioad\u0103, se anticipateaz\u0103 precipita\u021bii \u00een mare parte a \u021b\u0103rii. \u00cen special, \u00een Moldova \u0219i estul Transilvaniei, se pot \u00eenregistra lapovi\u021b\u0103 \u0219i ninsoare \u00een noaptea de [&hellip;]<\/p>\n","protected":false},"author":5,"featured_media":3183,"comment_status":"open","ping_status":"open","sticky":false,"template":"","format":"standard","meta":{"jnews-multi-image_gallery":[],"jnews_single_post":[],"jnews_primary_category":[],"jnews_override_counter":[],"footnotes":""},"categories":[45],"tags":[196,4029,133,127,136,135,263,137],"class_list":["post-3182","post","type-post","status-publish","format-standard","has-post-thumbnail","hentry","category-meteo","tag-cod-galben","tag-lapovita","tag-meteorologie","tag-ninsori","tag-polei","tag-precipitatii","tag-transilvania","tag-vant"],"_links":{"self":[{"href":"https:\/\/www.newsrecorder.ro\/app\/wp-json\/wp\/v2\/posts\/3182","targetHints":{"allow":["GET"]}}],"collection":[{"href":"https:\/\/www.newsrecorder.ro\/app\/wp-json\/wp\/v2\/posts"}],"about":[{"href":"https:\/\/www.newsrecorder.ro\/app\/wp-json\/wp\/v2\/types\/post"}],"author":[{"embeddable":true,"href":"https:\/\/www.newsrecorder.ro\/app\/wp-json\/wp\/v2\/users\/5"}],"replies":[{"embeddable":true,"href":"https:\/\/www.newsrecorder.ro\/app\/wp-json\/wp\/v2\/comments?post=3182"}],"version-history":[{"count":0,"href":"https:\/\/www.newsrecorder.ro\/app\/wp-json\/wp\/v2\/posts\/3182\/revisions"}],"wp:featuredmedia":[{"embeddable":true,"href":"https:\/\/www.newsrecorder.ro\/app\/wp-json\/wp\/v2\/media\/3183"}],"wp:attachment":[{"href":"https:\/\/www.newsrecorder.ro\/app\/wp-json\/wp\/v2\/media?parent=3182"}],"wp:term":[{"taxonomy":"category","embeddable":true,"href":"https:\/\/www.newsrecorder.ro\/app\/wp-json\/wp\/v2\/categories?post=3182"},{"taxonomy":"post_tag","embeddable":true,"href":"https:\/\/www.newsrecorder.ro\/app\/wp-json\/wp\/v2\/tags?post=3182"}],"curies":[{"name":"wp","href":"https:\/\/api.w.org\/{rel}","templated":true}]}}