{"id":3190,"date":"2026-02-15T19:43:03","date_gmt":"2026-02-15T19:43:03","guid":{"rendered":"https:\/\/www.newsrecorder.ro\/app\/2026\/02\/15\/iarna-isi-arata-ultimele-fete-ger-si-ninsori-in-prognoza-anm-2\/"},"modified":"2026-02-15T19:43:03","modified_gmt":"2026-02-15T19:43:03","slug":"iarna-isi-arata-ultimele-fete-ger-si-ninsori-in-prognoza-anm-2","status":"publish","type":"post","link":"https:\/\/www.newsrecorder.ro\/app\/2026\/02\/15\/iarna-isi-arata-ultimele-fete-ger-si-ninsori-in-prognoza-anm-2\/","title":{"rendered":"Iarna \u00ee\u0219i arat\u0103 ultimele fe\u021be: ger \u0219i ninsori \u00een prognoza ANM!"},"content":{"rendered":"<p>Conform prognozei emise de Administra\u021bia Na\u021bional\u0103 de Meteorologie (ANM), \u00een perioada 2-9 februarie, temperaturile vor fi, \u00een general, mai ridicate dec\u00e2t cele obi\u0219nuite pentru aceast\u0103 s\u0103pt\u0103m\u00e2n\u0103, \u00een special \u00een regiunile vestice, nord-vestice, centrale \u0219i la munte. Totu\u0219i, \u00een extremit\u0103\u021bile de sud-vest \u0219i nord-est ale \u021b\u0103rii, se vor \u00eenregistra valori termice mai sc\u0103zute, \u00een timp ce \u00een restul \u021b\u0103rii, temperaturile vor fi apropiate de normele climatologice.<\/p>\n<p>\u00cen ceea ce prive\u0219te precipita\u021biile, se preconizeaz\u0103 un regim excedentar \u00een regiunile sudice \u0219i sud-estice, \u00een timp ce \u00een nordul Carpa\u021bilor Orientali se va \u00eenregistra o deficitare local\u0103. \u00cen celelalte zone, ploile vor fi conforme cu mediile normale pentru acest interval.<\/p>\n<p>\u00centre 9 \u0219i 16 februarie, se estimeaz\u0103 c\u0103 temperaturile medii vor continua s\u0103 fie u\u0219or mai ridicate \u00een regiunile intracarpatice, \u00een timp ce \u00een extremitatea de nord-est a \u021b\u0103rii se vor \u00eenregistra valori mai sc\u0103zute. \u00cen rest, temperaturile vor r\u0103m\u00e2ne \u00een limitele normale.<\/p>\n<p>Cantit\u0103\u021bile de precipita\u021bii pentru aceast\u0103 perioad\u0103 vor fi excedentare la nivelul \u00eentregii \u021b\u0103ri, cu o concentrare mai mare \u00een regiunile sudice.<\/p>\n<p>&lt;p\u00cen s\u0103pt\u0103m\u00e2na 16-23 februarie, se estimeaz\u0103 c\u0103 temperatura medie a aerului va dep\u0103\u0219i u\u0219or valorile specifice pentru acest interval \u00een regiunile intracarpatice, \u00een timp ce \u00een celelalte zone, temperaturile vor fi \u00een general normale.<\/p>\n<p>Regimul pluviometric va fi, de asemenea, excedentar \u00een regiunile vestice \u0219i nord-vestice, iar \u00een restul \u021b\u0103rii se va men\u021bine apropiat de normele climatologice.<\/p>\n<p>\u00cen final, \u00eentre 23 februarie \u0219i 2 martie, se preconizeaz\u0103 c\u0103 mediile valorilor termice se vor situa u\u0219or peste cele caracteristice pentru aceast\u0103 s\u0103pt\u0103m\u00e2n\u0103, pe \u00eentreg teritoriul Rom\u00e2niei. De asemenea, cantit\u0103\u021bile de precipita\u021bii estimate pentru acest interval se vor apropia de valorile normale \u00een toate regiunile, conform informa\u021biilor furnizate de ANM.<\/p>\n","protected":false},"excerpt":{"rendered":"<p>Conform prognozei emise de Administra\u021bia Na\u021bional\u0103 de Meteorologie (ANM), \u00een perioada 2-9 februarie, temperaturile vor fi, \u00een general, mai ridicate dec\u00e2t cele obi\u0219nuite pentru aceast\u0103 s\u0103pt\u0103m\u00e2n\u0103, \u00een special \u00een regiunile vestice, nord-vestice, centrale \u0219i la munte. Totu\u0219i, \u00een extremit\u0103\u021bile de sud-vest \u0219i nord-est ale \u021b\u0103rii, se vor \u00eenregistra valori termice mai sc\u0103zute, \u00een timp ce [&hellip;]<\/p>\n","protected":false},"author":5,"featured_media":3191,"comment_status":"open","ping_status":"open","sticky":false,"template":"","format":"standard","meta":{"jnews-multi-image_gallery":[],"jnews_single_post":[],"jnews_primary_category":[],"jnews_override_counter":[],"footnotes":""},"categories":[45],"tags":[5083,2338,5253,135,141,1600,737,1261],"class_list":["post-3190","post","type-post","status-publish","format-standard","has-post-thumbnail","hentry","category-meteo","tag-carpati-orientali","tag-interval-februarie","tag-norme-climatologice","tag-precipitatii","tag-prognoza-meteo","tag-regiunile-vestice","tag-temperaturi-ridicate","tag-valori-termice"],"_links":{"self":[{"href":"https:\/\/www.newsrecorder.ro\/app\/wp-json\/wp\/v2\/posts\/3190","targetHints":{"allow":["GET"]}}],"collection":[{"href":"https:\/\/www.newsrecorder.ro\/app\/wp-json\/wp\/v2\/posts"}],"about":[{"href":"https:\/\/www.newsrecorder.ro\/app\/wp-json\/wp\/v2\/types\/post"}],"author":[{"embeddable":true,"href":"https:\/\/www.newsrecorder.ro\/app\/wp-json\/wp\/v2\/users\/5"}],"replies":[{"embeddable":true,"href":"https:\/\/www.newsrecorder.ro\/app\/wp-json\/wp\/v2\/comments?post=3190"}],"version-history":[{"count":0,"href":"https:\/\/www.newsrecorder.ro\/app\/wp-json\/wp\/v2\/posts\/3190\/revisions"}],"wp:featuredmedia":[{"embeddable":true,"href":"https:\/\/www.newsrecorder.ro\/app\/wp-json\/wp\/v2\/media\/3191"}],"wp:attachment":[{"href":"https:\/\/www.newsrecorder.ro\/app\/wp-json\/wp\/v2\/media?parent=3190"}],"wp:term":[{"taxonomy":"category","embeddable":true,"href":"https:\/\/www.newsrecorder.ro\/app\/wp-json\/wp\/v2\/categories?post=3190"},{"taxonomy":"post_tag","embeddable":true,"href":"https:\/\/www.newsrecorder.ro\/app\/wp-json\/wp\/v2\/tags?post=3190"}],"curies":[{"name":"wp","href":"https:\/\/api.w.org\/{rel}","templated":true}]}}