{"id":3214,"date":"2026-02-15T20:32:30","date_gmt":"2026-02-15T20:32:30","guid":{"rendered":"https:\/\/www.newsrecorder.ro\/app\/2026\/02\/15\/tnb-sindicatul-actorilor-cere-demisia-ministrului-culturii-pentru-insulte\/"},"modified":"2026-02-15T20:32:30","modified_gmt":"2026-02-15T20:32:30","slug":"tnb-sindicatul-actorilor-cere-demisia-ministrului-culturii-pentru-insulte","status":"publish","type":"post","link":"https:\/\/www.newsrecorder.ro\/app\/2026\/02\/15\/tnb-sindicatul-actorilor-cere-demisia-ministrului-culturii-pentru-insulte\/","title":{"rendered":"TNB: Sindicatul actorilor cere demisia ministrului Culturii pentru insulte!"},"content":{"rendered":"<p>Sindicatul actorilor de la Teatrul Na\u021bional \u201eI.L. Caragiale\u201d din Bucure\u0219ti solicit\u0103 demisia ministrului Culturii, Andr\u00e1s Demeter, acuz\u00e2ndu-l de comportamente inadecvate \u0219i jigniri repetate la adresa profesioni\u0219tilor din domeniul cultural. \u00centr-un comunicat de pres\u0103, sindicatul subliniaz\u0103 c\u0103 ministrul a insultat public membri ai comunit\u0103\u021bii culturale, inclusiv prin afirma\u021bii precum \u201ear trebui s\u0103-\u0219i dea demisia din prostie\u201d. De asemenea, acesta a folosit expresii depreciative, cum ar fi \u201esunte\u021bi total nepreg\u0103tit\u0103, nu v-a\u021bi f\u0103cut lec\u021biile\u201d, demonstr\u00e2nd un dispre\u021b constant fa\u021b\u0103 de oamenii de cultur\u0103 pe care ar trebui s\u0103 \u00eei sprijine.<\/p>\n<p>Criticile sindicatului nu se opresc aici; acesta a pus sub semnul \u00eentreb\u0103rii \u0219i modul de organizare a concursurilor pentru managementul unor institu\u021bii de prestigiu, precum Opera Na\u021bional\u0103 Ia\u0219i \u0219i Teatrul Na\u021bional Bucure\u0219ti. Sindicatul afirm\u0103 c\u0103 aceste concursuri au ridicat \u201eprobleme serioase de credibilitate\u201d. Dup\u0103 o prim\u0103 tentativ\u0103 e\u0219uat\u0103 de organizare a concursului pentru managementul TNB, Ministerul Culturii a modificat criteriile de participare \u00eentr-un mod considerat discriminatoriu, elimin\u00e2nd candida\u021bi califica\u021bi prin condi\u021bii nejustificat de restrictive, \u00een contradic\u021bie cu declara\u021biile publice ale ministrului, care promisese c\u0103 nu va face acest lucru. Drept urmare, sindicatul consider\u0103 c\u0103 actualul concurs nu are legitimitate, indiferent de cine va fi declarat c\u00e2\u0219tig\u0103tor.<\/p>\n<p>Recent, sindicatul a atras aten\u021bia asupra unui alt scandal, referitor la emiterea \u0219i retragerea unei circulare care normativiza munca artistic\u0103. Aceast\u0103 situa\u021bie a fost interpretat\u0103 ca o dovad\u0103 a lipsei de \u00een\u021belegere a specificului activit\u0103\u021bii culturale \u0219i a inconsecven\u021bei decizionale din partea ministerului. Comunicatul sindicatului subliniaz\u0103 c\u0103 emiterea \u0219i retragerea circularei, care a avut loc abia dup\u0103 \u00eenceperea protestelor, reflect\u0103 o abordare deficitar\u0103 fa\u021b\u0103 de munca artistic\u0103.<\/p>\n<p>\u00cen prima parte a acestei s\u0103pt\u0103m\u00e2ni, actorii de la Teatrul Na\u021bional \u201eI.L. Caragiale\u201d au protestat \u00een fa\u021ba institu\u021biei, contest\u00e2nd un proiect-pilot transmis de Ministerul Culturii, care viza organizarea unitar\u0103 \u0219i eviden\u021ba timpului de munc\u0103. Ca r\u0103spuns la proteste, ministrul Culturii a anun\u021bat, la o zi distan\u021b\u0103, retragerea instruc\u021biunilor prev\u0103zute \u00een Circulara nr. 965\/11.02.2026, care impuneau m\u0103suri de control asupra timpului de munc\u0103 \u00een institu\u021biile de spectacol.<\/p>\n","protected":false},"excerpt":{"rendered":"<p>Sindicatul actorilor de la Teatrul Na\u021bional \u201eI.L. Caragiale\u201d din Bucure\u0219ti solicit\u0103 demisia ministrului Culturii, Andr\u00e1s Demeter, acuz\u00e2ndu-l de comportamente inadecvate \u0219i jigniri repetate la adresa profesioni\u0219tilor din domeniul cultural. \u00centr-un comunicat de pres\u0103, sindicatul subliniaz\u0103 c\u0103 ministrul a insultat public membri ai comunit\u0103\u021bii culturale, inclusiv prin afirma\u021bii precum \u201ear trebui s\u0103-\u0219i dea demisia din prostie\u201d. [&hellip;]<\/p>\n","protected":false},"author":7,"featured_media":3215,"comment_status":"open","ping_status":"open","sticky":false,"template":"","format":"standard","meta":{"jnews-multi-image_gallery":[],"jnews_single_post":[],"jnews_primary_category":[],"jnews_override_counter":[],"footnotes":""},"categories":[43],"tags":[1504,343,5261,214,2079,5260,1837,4995],"class_list":["post-3214","post","type-post","status-publish","format-standard","has-post-thumbnail","hentry","category-cultura","tag-actori","tag-andras-demeter","tag-concursuri","tag-cultura","tag-demisie","tag-insulta","tag-sindicat","tag-teatrul-national"],"_links":{"self":[{"href":"https:\/\/www.newsrecorder.ro\/app\/wp-json\/wp\/v2\/posts\/3214","targetHints":{"allow":["GET"]}}],"collection":[{"href":"https:\/\/www.newsrecorder.ro\/app\/wp-json\/wp\/v2\/posts"}],"about":[{"href":"https:\/\/www.newsrecorder.ro\/app\/wp-json\/wp\/v2\/types\/post"}],"author":[{"embeddable":true,"href":"https:\/\/www.newsrecorder.ro\/app\/wp-json\/wp\/v2\/users\/7"}],"replies":[{"embeddable":true,"href":"https:\/\/www.newsrecorder.ro\/app\/wp-json\/wp\/v2\/comments?post=3214"}],"version-history":[{"count":0,"href":"https:\/\/www.newsrecorder.ro\/app\/wp-json\/wp\/v2\/posts\/3214\/revisions"}],"wp:featuredmedia":[{"embeddable":true,"href":"https:\/\/www.newsrecorder.ro\/app\/wp-json\/wp\/v2\/media\/3215"}],"wp:attachment":[{"href":"https:\/\/www.newsrecorder.ro\/app\/wp-json\/wp\/v2\/media?parent=3214"}],"wp:term":[{"taxonomy":"category","embeddable":true,"href":"https:\/\/www.newsrecorder.ro\/app\/wp-json\/wp\/v2\/categories?post=3214"},{"taxonomy":"post_tag","embeddable":true,"href":"https:\/\/www.newsrecorder.ro\/app\/wp-json\/wp\/v2\/tags?post=3214"}],"curies":[{"name":"wp","href":"https:\/\/api.w.org\/{rel}","templated":true}]}}