{"id":3226,"date":"2026-02-15T20:41:47","date_gmt":"2026-02-15T20:41:47","guid":{"rendered":"https:\/\/www.newsrecorder.ro\/app\/2026\/02\/15\/ministrul-culturii-cedeaza-renunta-la-controlul-timpului-de-munca-in-teatre\/"},"modified":"2026-02-15T20:41:47","modified_gmt":"2026-02-15T20:41:47","slug":"ministrul-culturii-cedeaza-renunta-la-controlul-timpului-de-munca-in-teatre","status":"publish","type":"post","link":"https:\/\/www.newsrecorder.ro\/app\/2026\/02\/15\/ministrul-culturii-cedeaza-renunta-la-controlul-timpului-de-munca-in-teatre\/","title":{"rendered":"Ministrul Culturii cedeaz\u0103: renun\u021b\u0103 la controlul timpului de munc\u0103 \u00een teatre!"},"content":{"rendered":"<p>Ministrul Culturii, Andr\u00e1s Demeter, a f\u0103cut public, miercuri, un anun\u021b important: a emis o circular\u0103 prin care se retrag Instruc\u021biunile referitoare la organizarea unitar\u0103 \u0219i eviden\u021ba timpului de munc\u0103 pentru personalul de execu\u021bie din institu\u021biile publice de spectacole \u0219i concerte. Aceast\u0103 decizie marcheaz\u0103 \u00eencetarea aplicabilit\u0103\u021bii m\u0103surilor propuse anterior.<\/p>\n<p>\u201ePrin emiterea circularei cu num\u0103rul 965\/11.02.2026, am decis s\u0103 retrag Instruc\u021biunile men\u021bionate \u0219i s\u0103 suspend orice demers administrativ ini\u021biat pe baza acestora\u201d, a declarat Ministerul Culturii \u00eentr-o postare pe re\u021belele sociale.<\/p>\n<p>Decizia ministrului a fost luat\u0103 \u00een urma consult\u0103rilor cu reprezentan\u021bi din sectorul cultural \u0219i ca r\u0103spuns la reac\u021biile venite din \u00eentreaga \u021bar\u0103. Astfel, proiectul va suferi o revizuire considerabil\u0103.<\/p>\n<p>\u201eAceast\u0103 hot\u0103r\u00e2re subliniaz\u0103 angajamentul nostru de a reconfigura procesul \u00eentr-o manier\u0103 care s\u0103 fie inclusiv\u0103 \u0219i flexibil\u0103. Proiectul va fi supus unei analize am\u0103nun\u021bite, iar grupul de lucru va fi extins. Colaborarea cu profesioni\u0219tii din domeniu r\u0103m\u00e2ne esen\u021bial\u0103 pentru g\u0103sirea unei solu\u021bii optime. Obiectivul final este s\u0103 r\u0103spundem at\u00e2t cerin\u021belor administrative, c\u00e2t \u0219i realit\u0103\u021bilor specifice muncii artistice\u201d, a ad\u0103ugat Andr\u00e1s Demeter.<\/p>\n<p>\u00centr-un context paralel, actorii de la Teatrul Na\u021bional \u201eI.L. Caragiale\u201d din Bucure\u0219ti au organizat, mar\u021bi, un protest \u00een fa\u021ba institu\u021biei. Acest demers a fost motivat de dezaprobarea fa\u021b\u0103 de aplicarea proiectului-pilot propus de Ministerul Culturii, care viza organizarea unitar\u0103 \u0219i eviden\u021ba timpului de munc\u0103.<\/p>\n<p>Protestatarii, inclusiv actorii \u0219i angaja\u021bii din departamentele tehnic \u0219i de produc\u021bie ale TNB, au criticat transformarea muncii de crea\u021bie, care nu este normat\u0103 \u00een domeniul artistic, \u00eentr-o activitate de birou. Proiectul-pilot con\u021binea anexe prin care angaja\u021bii erau obliga\u021bi s\u0103 raporteze zilnic, \u00een scris, detaliile activit\u0103\u021bii desf\u0103\u0219urate \u00een timpul orelor de lucru.<\/p>\n","protected":false},"excerpt":{"rendered":"<p>Ministrul Culturii, Andr\u00e1s Demeter, a f\u0103cut public, miercuri, un anun\u021b important: a emis o circular\u0103 prin care se retrag Instruc\u021biunile referitoare la organizarea unitar\u0103 \u0219i eviden\u021ba timpului de munc\u0103 pentru personalul de execu\u021bie din institu\u021biile publice de spectacole \u0219i concerte. Aceast\u0103 decizie marcheaz\u0103 \u00eencetarea aplicabilit\u0103\u021bii m\u0103surilor propuse anterior. \u201ePrin emiterea circularei cu num\u0103rul 965\/11.02.2026, am [&hellip;]<\/p>\n","protected":false},"author":7,"featured_media":3227,"comment_status":"open","ping_status":"open","sticky":false,"template":"","format":"standard","meta":{"jnews-multi-image_gallery":[],"jnews_single_post":[],"jnews_primary_category":[],"jnews_override_counter":[],"footnotes":""},"categories":[43],"tags":[343,5271,4252,4878,2835,4250,5273,5272],"class_list":["post-3226","post","type-post","status-publish","format-standard","has-post-thumbnail","hentry","category-cultura","tag-andras-demeter","tag-evidenta-timpului-de-munca","tag-institutii-publice","tag-instructiuni","tag-ministerul-culturii","tag-organizarea-unitara","tag-revizuire","tag-sectorul-cultural"],"_links":{"self":[{"href":"https:\/\/www.newsrecorder.ro\/app\/wp-json\/wp\/v2\/posts\/3226","targetHints":{"allow":["GET"]}}],"collection":[{"href":"https:\/\/www.newsrecorder.ro\/app\/wp-json\/wp\/v2\/posts"}],"about":[{"href":"https:\/\/www.newsrecorder.ro\/app\/wp-json\/wp\/v2\/types\/post"}],"author":[{"embeddable":true,"href":"https:\/\/www.newsrecorder.ro\/app\/wp-json\/wp\/v2\/users\/7"}],"replies":[{"embeddable":true,"href":"https:\/\/www.newsrecorder.ro\/app\/wp-json\/wp\/v2\/comments?post=3226"}],"version-history":[{"count":0,"href":"https:\/\/www.newsrecorder.ro\/app\/wp-json\/wp\/v2\/posts\/3226\/revisions"}],"wp:featuredmedia":[{"embeddable":true,"href":"https:\/\/www.newsrecorder.ro\/app\/wp-json\/wp\/v2\/media\/3227"}],"wp:attachment":[{"href":"https:\/\/www.newsrecorder.ro\/app\/wp-json\/wp\/v2\/media?parent=3226"}],"wp:term":[{"taxonomy":"category","embeddable":true,"href":"https:\/\/www.newsrecorder.ro\/app\/wp-json\/wp\/v2\/categories?post=3226"},{"taxonomy":"post_tag","embeddable":true,"href":"https:\/\/www.newsrecorder.ro\/app\/wp-json\/wp\/v2\/tags?post=3226"}],"curies":[{"name":"wp","href":"https:\/\/api.w.org\/{rel}","templated":true}]}}