{"id":3232,"date":"2026-02-15T22:11:42","date_gmt":"2026-02-15T22:11:42","guid":{"rendered":"https:\/\/www.newsrecorder.ro\/app\/2026\/02\/15\/farul-invinge-rapid-cu-3-1-in-etapa-27-a-superligii\/"},"modified":"2026-02-15T22:11:42","modified_gmt":"2026-02-15T22:11:42","slug":"farul-invinge-rapid-cu-3-1-in-etapa-27-a-superligii","status":"publish","type":"post","link":"https:\/\/www.newsrecorder.ro\/app\/2026\/02\/15\/farul-invinge-rapid-cu-3-1-in-etapa-27-a-superligii\/","title":{"rendered":"Farul \u00eenvinge Rapid cu 3-1 \u00een etapa 27 a Superligii!"},"content":{"rendered":"<p>Meciul dintre Farul Constan\u021ba \u0219i Rapid Bucure\u0219ti, desf\u0103\u0219urat \u00een etapa a 27-a a Superligii sezonului 2025-2026, s-a \u00eencheiat cu o victorie clar\u0103 pentru echipa gazd\u0103, scor 3-1. Partida a avut loc pe stadionul din Ovidiu, Constan\u021ba, unde suporterii au avut parte de un spectacol fotbalistic.<\/p>\n<p>Farul a deschis scorul \u00een minutul 19 prin Alexandru I\u0219fan, care a reu\u0219it s\u0103 \u00ee\u0219i lase amprenta asupra jocului. La doar c\u00e2teva momente \u00eenainte de pauz\u0103, Denis Alibec a majorat avantajul echipei sale, transform\u00e2nd un penalty \u00een minutul 45+4. Ionu\u021b V\u00e2n\u0103 a adus un plus de confort pentru gazde \u00een minutul 53, marc\u00e2nd pentru 3-0. Rapid a reu\u0219it s\u0103 reduc\u0103 din diferen\u021b\u0103 prin golul lui Sebastian Borza, care a \u00eenscris \u00een minutul 40, \u00eens\u0103 acest lucru nu a fost suficient pentru a schimba soarta meciului.<\/p>\n<p>Victoria Farului a fost pe deplin meritat\u0103, av\u00e2nd \u00een vedere c\u0103 echipa oaspete nu a reu\u0219it s\u0103 \u00eenregistreze niciun \u0219ut pe poart\u0103 \u00een repriza a doua, conform unei analize realizate de <a href=\"https:\/\/www.prosport.ro\/fotbal-intern\/superliga\/farul-rapid-3-1-in-etapa-27-din-superliga-victorie-meritata-pe-fondul-unei-a-doua-reprize-in-care-oaspetii-nu-au-tras-niciun-sut-pe-poarta-20382958\" target=\"_blank\" rel=\"noopener\">ProSport<\/a>.<\/p>\n<p><strong>Echipele de start au fost urm\u0103toarele:<\/strong><\/p>\n<p><strong>Farul (1-4-3-3):<\/strong> R. Munteanu \u2013 D. Maftei, I. Larie, Gustavo Marins, L. Pellegrini \u2013 V\u00een\u0103, Dican, Radaslavescu \u2013 I\u0219fan, Alibec, C. Ganea. <br \/>\nAntrenor: Ianis Zicu<\/p>\n<p><strong>Rezerve:<\/strong> Buzbuchi, \u0218. Du\u021bu, \u021a\u00eeru, Fotin, S\u00eerbu, Ramalho, Banu, Goncear, Doicaru, Sima, Vojtus, Markovic<\/p>\n<p><strong>Rapid (4-3-3):<\/strong> Aioani \u2013 Manea, Pa\u0219canu, Ciubotariu, Borza \u2013 Christensen, Keita, Grameni \u2013 Dobre, Talisson, Petrila. <br \/>\nAntrenor: Constantin G\u00e2lc\u0103<\/p>\n<p><strong>Rezerve:<\/strong> Iliev, Briciu, Bolgado, Onea, Vulturar, Hromada, G. Gheorghe, A. \u0218ucu, Moru\u021ban, Hazrollaj, Paraschiv<\/p>\n<p>Meciul a fost oficiat de arbitrul central Szabolcs Kovacs, asistat de Marius Badea \u0219i Ioan Alexandru Corb la liniile de fund. De asemenea, camera VAR a fost gestionat\u0103 de C\u0103t\u0103lin Popa \u0219i Vasile Marinescu.<\/p>\n","protected":false},"excerpt":{"rendered":"<p>Meciul dintre Farul Constan\u021ba \u0219i Rapid Bucure\u0219ti, desf\u0103\u0219urat \u00een etapa a 27-a a Superligii sezonului 2025-2026, s-a \u00eencheiat cu o victorie clar\u0103 pentru echipa gazd\u0103, scor 3-1. Partida a avut loc pe stadionul din Ovidiu, Constan\u021ba, unde suporterii au avut parte de un spectacol fotbalistic. Farul a deschis scorul \u00een minutul 19 prin Alexandru I\u0219fan, [&hellip;]<\/p>\n","protected":false},"author":6,"featured_media":3233,"comment_status":"open","ping_status":"open","sticky":false,"template":"","format":"standard","meta":{"jnews-multi-image_gallery":[],"jnews_single_post":[],"jnews_primary_category":[],"jnews_override_counter":[],"footnotes":""},"categories":[46],"tags":[2111,1575,1574,89,114,5276,976,64],"class_list":["post-3232","post","type-post","status-publish","format-standard","has-post-thumbnail","hentry","category-sport","tag-alexandru-isfan","tag-denis-alibec","tag-farul-constanta","tag-fotbal","tag-rapid-bucuresti","tag-stadionul-din-ovidiu","tag-superliga","tag-victorie"],"_links":{"self":[{"href":"https:\/\/www.newsrecorder.ro\/app\/wp-json\/wp\/v2\/posts\/3232","targetHints":{"allow":["GET"]}}],"collection":[{"href":"https:\/\/www.newsrecorder.ro\/app\/wp-json\/wp\/v2\/posts"}],"about":[{"href":"https:\/\/www.newsrecorder.ro\/app\/wp-json\/wp\/v2\/types\/post"}],"author":[{"embeddable":true,"href":"https:\/\/www.newsrecorder.ro\/app\/wp-json\/wp\/v2\/users\/6"}],"replies":[{"embeddable":true,"href":"https:\/\/www.newsrecorder.ro\/app\/wp-json\/wp\/v2\/comments?post=3232"}],"version-history":[{"count":0,"href":"https:\/\/www.newsrecorder.ro\/app\/wp-json\/wp\/v2\/posts\/3232\/revisions"}],"wp:featuredmedia":[{"embeddable":true,"href":"https:\/\/www.newsrecorder.ro\/app\/wp-json\/wp\/v2\/media\/3233"}],"wp:attachment":[{"href":"https:\/\/www.newsrecorder.ro\/app\/wp-json\/wp\/v2\/media?parent=3232"}],"wp:term":[{"taxonomy":"category","embeddable":true,"href":"https:\/\/www.newsrecorder.ro\/app\/wp-json\/wp\/v2\/categories?post=3232"},{"taxonomy":"post_tag","embeddable":true,"href":"https:\/\/www.newsrecorder.ro\/app\/wp-json\/wp\/v2\/tags?post=3232"}],"curies":[{"name":"wp","href":"https:\/\/api.w.org\/{rel}","templated":true}]}}