{"id":3254,"date":"2026-02-15T23:27:56","date_gmt":"2026-02-15T23:27:56","guid":{"rendered":"https:\/\/www.newsrecorder.ro\/app\/2026\/02\/15\/ciolacu-bolojan-un-prim-ministru-in-cautarea-imaginii-perfecte\/"},"modified":"2026-02-15T23:27:56","modified_gmt":"2026-02-15T23:27:56","slug":"ciolacu-bolojan-un-prim-ministru-in-cautarea-imaginii-perfecte","status":"publish","type":"post","link":"https:\/\/www.newsrecorder.ro\/app\/2026\/02\/15\/ciolacu-bolojan-un-prim-ministru-in-cautarea-imaginii-perfecte\/","title":{"rendered":"Ciolacu: Bolojan, un prim-ministru \u00een c\u0103utarea imaginii perfecte!"},"content":{"rendered":"<p>Fostul premier al Rom\u00e2niei, Marcel Ciolacu, a oferit duminic\u0103 declara\u021bii la Antena 3, unde a abordat subiectele de actualitate legate de reforma administra\u021biei \u0219i rolul Partidului Social-Democrat (PSD) \u00een planul de relansare economic\u0103.<\/p>\n<p>Pe parcursul discu\u021biei, Ciolacu a fost \u00eentrebat despre comentariile ministrului Agriculturii, Florin Barbu, care a sus\u021binut c\u0103 \u00een planul de relansare nu sunt incluse m\u0103suri propuse de PSD \u0219i c\u0103 mini\u0219trii acestui partid nu semneaz\u0103 reforma. \u00cen replic\u0103, Ciolacu a afirmat:<\/p>\n<p>\u201eAceste lucruri le \u0219tiu \u0219i eu din spa\u021biul public \u0219i de la colegii mei care au fost implica\u021bi \u00een coali\u021bie. S-au luat decizii comune \u00een cadrul coali\u021biei. Reforma \u00een administra\u021bie trebuie s\u0103 fie asumat\u0103 \u00een Parlament, al\u0103turi de propunerile de relansare formulate de Partidul Social-Democrat \u0219i discutate \u00een coali\u021bie. Fiecare trebuie s\u0103 \u00ee\u0219i respecte angajamentele asumate. Din acest motiv, este firesc ca mini\u0219trii PSD s\u0103 nu semneze.\u201d<\/p>\n<p>Ciolacu a subliniat c\u0103 exist\u0103 riscul ca o ordonan\u021b\u0103 guvernamental\u0103 s\u0103 fie folosit\u0103 pentru a implementa reforma administrativ\u0103 f\u0103r\u0103 consim\u021b\u0103m\u00e2ntul complet al coali\u021biei, o abordare pe care el o consider\u0103 gre\u0219it\u0103.<\/p>\n<p>\u201eSe pare c\u0103 se inten\u021bioneaz\u0103 adoptarea unei ordonan\u021be privind reforma administrativ\u0103, care ulterior ar urma s\u0103 fie modificat\u0103 \u00een Parlament. Aceasta este cea mai gre\u0219it\u0103 direc\u021bie pe care o poate urma acum primul ministru. Cred c\u0103 ar trebui s\u0103 revin\u0103 la masa negocierilor \u0219i discu\u021biilor pentru a oferi popula\u021biei o solu\u021bie coerent\u0103,\u201d a ad\u0103ugat Ciolacu.<\/p>\n<p>\u00cen plus, Marcel Ciolacu a men\u021bionat c\u0103 guvernul condus de Ilie Bolojan are responsabilitatea de a propune m\u0103suri menite s\u0103 stimuleze economia, \u00een contextul actualei recesiuni. <\/p>\n<p>\u201eNe afl\u0103m \u00eentr-o recesiune, similar\u0103 cu cea din 12 state europene, \u0219i am observat o sc\u0103dere de 1,9%. Se arunc\u0103 vina pe PSD, afirm\u00e2nd c\u0103 partidul se opune reformelor. Dar reformele nu se reduc doar la concedieri colective. Este un joc de imagine care dureaz\u0103 de prea mult timp. Actualul prim-ministru continu\u0103 s\u0103 mutileze subiecte importante. Guvernul trebuie s\u0103 vin\u0103 cu stimulente pentru economie,\u201d a concluzionat Ciolacu.<\/p>\n","protected":false},"excerpt":{"rendered":"<p>Fostul premier al Rom\u00e2niei, Marcel Ciolacu, a oferit duminic\u0103 declara\u021bii la Antena 3, unde a abordat subiectele de actualitate legate de reforma administra\u021biei \u0219i rolul Partidului Social-Democrat (PSD) \u00een planul de relansare economic\u0103. Pe parcursul discu\u021biei, Ciolacu a fost \u00eentrebat despre comentariile ministrului Agriculturii, Florin Barbu, care a sus\u021binut c\u0103 \u00een planul de relansare nu [&hellip;]<\/p>\n","protected":false},"author":2,"featured_media":3255,"comment_status":"open","ping_status":"open","sticky":false,"template":"","format":"standard","meta":{"jnews-multi-image_gallery":[],"jnews_single_post":[],"jnews_primary_category":[],"jnews_override_counter":[],"footnotes":""},"categories":[42],"tags":[1060,636,2518,638,2152,3599,5297,1684],"class_list":["post-3254","post","type-post","status-publish","format-standard","has-post-thumbnail","hentry","category-politica","tag-angajamente","tag-coalitie","tag-florin-barbu","tag-marcel-ciolacu","tag-partidul-social-democrat","tag-politici-publice","tag-reforma-administratiei","tag-relansare-economica"],"_links":{"self":[{"href":"https:\/\/www.newsrecorder.ro\/app\/wp-json\/wp\/v2\/posts\/3254","targetHints":{"allow":["GET"]}}],"collection":[{"href":"https:\/\/www.newsrecorder.ro\/app\/wp-json\/wp\/v2\/posts"}],"about":[{"href":"https:\/\/www.newsrecorder.ro\/app\/wp-json\/wp\/v2\/types\/post"}],"author":[{"embeddable":true,"href":"https:\/\/www.newsrecorder.ro\/app\/wp-json\/wp\/v2\/users\/2"}],"replies":[{"embeddable":true,"href":"https:\/\/www.newsrecorder.ro\/app\/wp-json\/wp\/v2\/comments?post=3254"}],"version-history":[{"count":0,"href":"https:\/\/www.newsrecorder.ro\/app\/wp-json\/wp\/v2\/posts\/3254\/revisions"}],"wp:featuredmedia":[{"embeddable":true,"href":"https:\/\/www.newsrecorder.ro\/app\/wp-json\/wp\/v2\/media\/3255"}],"wp:attachment":[{"href":"https:\/\/www.newsrecorder.ro\/app\/wp-json\/wp\/v2\/media?parent=3254"}],"wp:term":[{"taxonomy":"category","embeddable":true,"href":"https:\/\/www.newsrecorder.ro\/app\/wp-json\/wp\/v2\/categories?post=3254"},{"taxonomy":"post_tag","embeddable":true,"href":"https:\/\/www.newsrecorder.ro\/app\/wp-json\/wp\/v2\/tags?post=3254"}],"curies":[{"name":"wp","href":"https:\/\/api.w.org\/{rel}","templated":true}]}}