{"id":3266,"date":"2026-02-15T23:49:39","date_gmt":"2026-02-15T23:49:39","guid":{"rendered":"https:\/\/www.newsrecorder.ro\/app\/2026\/02\/15\/trump-promite-sprijin-pentru-israel-in-fata-amenintarilor-iraniene\/"},"modified":"2026-02-15T23:49:39","modified_gmt":"2026-02-15T23:49:39","slug":"trump-promite-sprijin-pentru-israel-in-fata-amenintarilor-iraniene","status":"publish","type":"post","link":"https:\/\/www.newsrecorder.ro\/app\/2026\/02\/15\/trump-promite-sprijin-pentru-israel-in-fata-amenintarilor-iraniene\/","title":{"rendered":"Trump promite sprijin pentru Israel \u00een fa\u021ba amenin\u021b\u0103rilor iraniene!"},"content":{"rendered":"<p>La sf\u00e2r\u0219itul anului 2025, pre\u0219edintele american Donald Trump a discutat cu prim-ministrul israelian Benjamin Netanyahu \u00een cadrul unei \u00eent\u00e2lniri organizate la Mar-a-Lago, unde a subliniat sprijinul s\u0103u pentru atacurile israeliene \u00eempotriva programului de rachete balistice al Iranului, \u00een absen\u021ba unui acord \u00eentre Washington \u0219i Teheran. Aceast\u0103 informa\u021bie a fost confirmat\u0103 de dou\u0103 surse bine informate pentru <a style=\"color: #0000ff\" href=\"https:\/\/www.cbsnews.com\/news\/trump-netanyahu-israeli-strikes-iran-ballistic-missiles\/\" target=\"_blank\" rel=\"noopener\">CBS News<\/a>.<\/p>\n<p>Jurnali\u0219tii de la CBS News au descoperit recent c\u0103 oficiali din cadrul armatei americane \u0219i din comunitatea de informa\u021bii au \u00eenceput s\u0103 analizeze op\u021biunile de sus\u021binere a unei noi serii de atacuri israeliene asupra Iranului.<\/p>\n<p>Conform surselor, discu\u021biile americane s-au axat mai pu\u021bin pe eventualitatea ca Israelul s\u0103 ac\u021bioneze \u0219i mai mult pe modul \u00een care Statele Unite ar putea oferi ajutor \u00een acest demers.<\/p>\n<p>P\u00e2n\u0103 acum, nu este clar ce \u021b\u0103ri ar putea permite avioanelor americane s\u0103 realimenteze aeronavele israeliene pentru un atac poten\u021bial. Este important de men\u021bionat c\u0103 Iordania, Arabia Saudit\u0103 \u0219i Emiratele Arabe Unite au declarat public c\u0103 nu vor autoriza utilizarea spa\u021biului lor aerian pentru astfel de opera\u021biuni.<\/p>\n<p>Pe de alt\u0103 parte, Iranul a declarat prin intermediul ministrului adjunct de externe, Majid Takht-Ravanchi, c\u0103 este dispus s\u0103 fac\u0103 compromisuri \u00een leg\u0103tur\u0103 cu stocul s\u0103u de uraniu \u00eembog\u0103\u021bit, \u00een schimbul ridic\u0103rii sanc\u021biunilor impuse de Statele Unite. Aceast\u0103 declara\u021bie a fost f\u0103cut\u0103 \u00eentr-un interviu acordat BBC, publicat duminic\u0103.<\/p>\n<p>Informa\u021biile vin \u00eentr-un moment \u00een care un al doilea portavion american, USS Gerald R. Ford, \u00eempreun\u0103 cu flota sa de nave de r\u0103zboi, a fost desf\u0103\u0219urat \u00een Orientul Mijlociu.<\/p>\n<p>Aceste evenimente se desf\u0103\u0219oar\u0103 pe fondul negocierilor \u00een curs \u00eentre administra\u021bia Trump \u0219i Iran cu privire la programul nuclear al acestuia. S\u0103pt\u0103m\u00e2na viitoare, la Geneva, sunt programate noi discu\u021bii \u00eentre cele dou\u0103 p\u0103r\u021bi.<\/p>\n","protected":false},"excerpt":{"rendered":"<p>La sf\u00e2r\u0219itul anului 2025, pre\u0219edintele american Donald Trump a discutat cu prim-ministrul israelian Benjamin Netanyahu \u00een cadrul unei \u00eent\u00e2lniri organizate la Mar-a-Lago, unde a subliniat sprijinul s\u0103u pentru atacurile israeliene \u00eempotriva programului de rachete balistice al Iranului, \u00een absen\u021ba unui acord \u00eentre Washington \u0219i Teheran. Aceast\u0103 informa\u021bie a fost confirmat\u0103 de dou\u0103 surse bine informate [&hellip;]<\/p>\n","protected":false},"author":2,"featured_media":3267,"comment_status":"open","ping_status":"open","sticky":false,"template":"","format":"standard","meta":{"jnews-multi-image_gallery":[],"jnews_single_post":[],"jnews_primary_category":[],"jnews_override_counter":[],"footnotes":""},"categories":[41],"tags":[632,5194,1084,913,268,5321,5320,1735],"class_list":["post-3266","post","type-post","status-publish","format-standard","has-post-thumbnail","hentry","category-externe","tag-acord","tag-armata","tag-atacuri","tag-iran","tag-israel","tag-mar-a-lago","tag-netanyahu","tag-trump"],"_links":{"self":[{"href":"https:\/\/www.newsrecorder.ro\/app\/wp-json\/wp\/v2\/posts\/3266","targetHints":{"allow":["GET"]}}],"collection":[{"href":"https:\/\/www.newsrecorder.ro\/app\/wp-json\/wp\/v2\/posts"}],"about":[{"href":"https:\/\/www.newsrecorder.ro\/app\/wp-json\/wp\/v2\/types\/post"}],"author":[{"embeddable":true,"href":"https:\/\/www.newsrecorder.ro\/app\/wp-json\/wp\/v2\/users\/2"}],"replies":[{"embeddable":true,"href":"https:\/\/www.newsrecorder.ro\/app\/wp-json\/wp\/v2\/comments?post=3266"}],"version-history":[{"count":0,"href":"https:\/\/www.newsrecorder.ro\/app\/wp-json\/wp\/v2\/posts\/3266\/revisions"}],"wp:featuredmedia":[{"embeddable":true,"href":"https:\/\/www.newsrecorder.ro\/app\/wp-json\/wp\/v2\/media\/3267"}],"wp:attachment":[{"href":"https:\/\/www.newsrecorder.ro\/app\/wp-json\/wp\/v2\/media?parent=3266"}],"wp:term":[{"taxonomy":"category","embeddable":true,"href":"https:\/\/www.newsrecorder.ro\/app\/wp-json\/wp\/v2\/categories?post=3266"},{"taxonomy":"post_tag","embeddable":true,"href":"https:\/\/www.newsrecorder.ro\/app\/wp-json\/wp\/v2\/tags?post=3266"}],"curies":[{"name":"wp","href":"https:\/\/api.w.org\/{rel}","templated":true}]}}