{"id":3272,"date":"2026-02-15T23:50:41","date_gmt":"2026-02-15T23:50:41","guid":{"rendered":"https:\/\/www.newsrecorder.ro\/app\/2026\/02\/15\/europa-unite-discutii-pentru-o-strategie-comuna-de-descurajare-nucleara\/"},"modified":"2026-02-15T23:50:41","modified_gmt":"2026-02-15T23:50:41","slug":"europa-unite-discutii-pentru-o-strategie-comuna-de-descurajare-nucleara","status":"publish","type":"post","link":"https:\/\/www.newsrecorder.ro\/app\/2026\/02\/15\/europa-unite-discutii-pentru-o-strategie-comuna-de-descurajare-nucleara\/","title":{"rendered":"Europa unite: Discu\u021bii pentru o strategie comun\u0103 de descurajare nuclear\u0103"},"content":{"rendered":"<p>Mai multe na\u021biuni europene au exprimat dorin\u021ba de a se al\u0103tura discu\u021biilor referitoare la crearea unui mecanism comun de descurajare nuclear\u0103 \u00een Europa, conform informa\u021biilor publicate de <a href=\"https:\/\/www.ukrinform.net\/rubric-polytics\/4091759-group-of-european-countries-express-support-for-talks-on-joint-nuclear-deterrent-politico.html\">Ukrinform<\/a>.<\/p>\n<p>Prim-ministrul Letoniei, Evika Sili\u0146a, a afirmat c\u0103 Riga este deschis\u0103 s\u0103 participe la aceast\u0103 ini\u021biativ\u0103. \u201eDescurajarea nuclear\u0103 ne poate oferi noi oportunit\u0103\u021bi. De ce nu?\u201d, a men\u021bionat Sili\u0146a, subliniind c\u0103 orice ac\u021biune trebuie s\u0103 fie \u00een conformitate cu \u201eangajamentele noastre interna\u021bionale\u201d.<\/p>\n<p>\u00cen aceea\u0219i linie, Tuuli Duneton, ministrul adjunct al Ap\u0103r\u0103rii din Estonia, a declarat c\u0103 \u021bara sa nu exclude posibilitatea de a participa la discu\u021biile preliminare despre descurajarea nuclear\u0103 european\u0103.<\/p>\n<p>Subiectul a fost abordat \u0219i de c\u0103tre cancelarul german, Friedrich Merz, \u0219i pre\u0219edintele Fran\u021bei, Emmanuel Macron, \u00een cadrul Conferin\u021bei de Securitate de la M\u00fcnchen. Macron a subliniat importan\u021ba rearticul\u0103rii descuraj\u0103rii nucleare, av\u00e2nd \u00een vedere \u0219i armele conven\u021bionale, precum rachetele cu raz\u0103 lung\u0103 de ac\u021biune.<\/p>\n<p>Ministrul de Externe al Letoniei, Baiba Braze, a ad\u0103ugat c\u0103 \u201edescurajarea nuclear\u0103 este un subiect important\u201d discutat la aceast\u0103 conferin\u021b\u0103. De asemenea, Theo Francken, ministrul belgian al Ap\u0103r\u0103rii, a participat la o discu\u021bie cu u\u0219i \u00eenchise pe aceea\u0219i tem\u0103.<\/p>\n<p>Conform unor oficiali europeni, statele europene ar putea s\u0103 sprijine capacitatea nuclear\u0103 a Fran\u021bei prin intermediul resurselor militare conven\u021bionale, cum ar fi submarinele. Exist\u0103 informa\u021bii conform c\u0103rora Parisul ar putea lua \u00een considerare extinderea arsenalului nuclear cu ajutorul subven\u021biilor din partea altor \u021b\u0103ri europene.<\/p>\n<p>Ministrul german al Ap\u0103r\u0103rii, Boris Pistorius, a subliniat necesitatea ca Europa s\u0103 \u00ee\u0219i asume o responsabilitate mai mare \u00een ceea ce prive\u0219te ap\u0103rarea conven\u021bional\u0103 a continentului. Un aspect crucial al acestei ini\u021biative, spune Pistorius, este men\u021binerea sprijinului strategic \u0219i nuclear din partea Statelor Unite ale Americii.<\/p>\n","protected":false},"excerpt":{"rendered":"<p>Mai multe na\u021biuni europene au exprimat dorin\u021ba de a se al\u0103tura discu\u021biilor referitoare la crearea unui mecanism comun de descurajare nuclear\u0103 \u00een Europa, conform informa\u021biilor publicate de Ukrinform. Prim-ministrul Letoniei, Evika Sili\u0146a, a afirmat c\u0103 Riga este deschis\u0103 s\u0103 participe la aceast\u0103 ini\u021biativ\u0103. \u201eDescurajarea nuclear\u0103 ne poate oferi noi oportunit\u0103\u021bi. De ce nu?\u201d, a men\u021bionat [&hellip;]<\/p>\n","protected":false},"author":2,"featured_media":3273,"comment_status":"open","ping_status":"open","sticky":false,"template":"","format":"standard","meta":{"jnews-multi-image_gallery":[],"jnews_single_post":[],"jnews_primary_category":[],"jnews_override_counter":[],"footnotes":""},"categories":[41],"tags":[3273,4738,4922,3327,2277,4374,5326,5327],"class_list":["post-3272","post","type-post","status-publish","format-standard","has-post-thumbnail","hentry","category-externe","tag-angajamente-internationale","tag-conferinta-de-securitate","tag-descurajare-nucleara","tag-emmanuel-macron","tag-estonia","tag-europene","tag-mecanism-comun","tag-prim-ministrul-letoniei"],"_links":{"self":[{"href":"https:\/\/www.newsrecorder.ro\/app\/wp-json\/wp\/v2\/posts\/3272","targetHints":{"allow":["GET"]}}],"collection":[{"href":"https:\/\/www.newsrecorder.ro\/app\/wp-json\/wp\/v2\/posts"}],"about":[{"href":"https:\/\/www.newsrecorder.ro\/app\/wp-json\/wp\/v2\/types\/post"}],"author":[{"embeddable":true,"href":"https:\/\/www.newsrecorder.ro\/app\/wp-json\/wp\/v2\/users\/2"}],"replies":[{"embeddable":true,"href":"https:\/\/www.newsrecorder.ro\/app\/wp-json\/wp\/v2\/comments?post=3272"}],"version-history":[{"count":0,"href":"https:\/\/www.newsrecorder.ro\/app\/wp-json\/wp\/v2\/posts\/3272\/revisions"}],"wp:featuredmedia":[{"embeddable":true,"href":"https:\/\/www.newsrecorder.ro\/app\/wp-json\/wp\/v2\/media\/3273"}],"wp:attachment":[{"href":"https:\/\/www.newsrecorder.ro\/app\/wp-json\/wp\/v2\/media?parent=3272"}],"wp:term":[{"taxonomy":"category","embeddable":true,"href":"https:\/\/www.newsrecorder.ro\/app\/wp-json\/wp\/v2\/categories?post=3272"},{"taxonomy":"post_tag","embeddable":true,"href":"https:\/\/www.newsrecorder.ro\/app\/wp-json\/wp\/v2\/tags?post=3272"}],"curies":[{"name":"wp","href":"https:\/\/api.w.org\/{rel}","templated":true}]}}