{"id":3302,"date":"2026-02-16T10:32:52","date_gmt":"2026-02-16T10:32:52","guid":{"rendered":"https:\/\/www.newsrecorder.ro\/app\/2026\/02\/16\/iarna-severa-in-romania-zapada-si-viscol-afecteaza-toate-regiunile\/"},"modified":"2026-02-16T10:32:52","modified_gmt":"2026-02-16T10:32:52","slug":"iarna-severa-in-romania-zapada-si-viscol-afecteaza-toate-regiunile","status":"publish","type":"post","link":"https:\/\/www.newsrecorder.ro\/app\/2026\/02\/16\/iarna-severa-in-romania-zapada-si-viscol-afecteaza-toate-regiunile\/","title":{"rendered":"Iarn\u0103 sever\u0103 \u00een Rom\u00e2nia: Z\u0103pad\u0103 \u0219i viscol afecteaz\u0103 toate regiunile!"},"content":{"rendered":"<p><strong>Luni<\/strong>, vremea se va r\u0103ci considerabil \u00een Moldova, iar mar\u021bi se va extinde aceast\u0103 tendin\u021b\u0103 \u0219i \u00een regiunile sudice. Astfel, temperaturile maxime se vor situa, \u00een general, \u00eentre -4 \u0219i 4 grade Celsius. Miercuri, condi\u021biile meteorologice vor r\u0103m\u00e2ne reci \u00een Moldova, estul Munteniei \u0219i Dobrogea, cu maxime cuprinse \u00eentre -6 \u0219i 0 grade. La nivel na\u021bional, temperaturile minime vor fi predominant negative, variind de la -9 grade \u00een estul Transilvaniei \u0219i nordul Moldovei, p\u00e2n\u0103 la 4 grade \u00een sudul Banatului \u0219i pe litoral.<\/p>\n<p><strong>Mar\u021bi<\/strong>, aria precipita\u021biilor se va extinde dinspre sud-vest, acoperind sudul, estul \u0219i, local, centrul \u021b\u0103rii. Ini\u021bial, \u00een Oltenia \u0219i Muntenia vor fi precipita\u021bii mixte, \u00een timp ce Dobrogea va avea ploi, iar Transilvania \u0219i Moldova se vor confrunta cu ninsori, inclusiv la munte. Pe parcursul nop\u021bii de mar\u021bi spre <strong>miercuri<\/strong>, ninsorile vor deveni predominante. Se estimeaz\u0103 depunerea unui strat de z\u0103pad\u0103 mediu de 5-15 cm, iar local chiar de 20-30 cm. Cantit\u0103\u021bile de ap\u0103 vor fi de 10-20 l\/mp, cu posibile acumul\u0103ri de peste 25 l\/mp. De asemenea, izolat, pot ap\u0103rea condi\u021bii de polei \u0219i ghe\u021bu\u0219.<\/p>\n<p>V\u00e2ntul va intensifica, \u00een special \u00een noaptea de luni spre mar\u021bi \u0219i pe parcursul zilei de mar\u021bi, \u00een estul Olteniei, Muntenia, Dobrogea \u0219i sudul Moldovei. Din seara zilei de mar\u021bi, v\u00e2ntul va afecta o mare parte a \u021b\u0103rii, cu rafale de 45-65 km\/h. \u00cen regiunile sudice \u0219i sud-estice, se vor \u00eenregistra temporar viscol \u0219i vizibilitate redus\u0103.<\/p>\n<p>Avertizarea meteorologic\u0103 este valabil\u0103 p\u00e2n\u0103 joi, la ora 10.<\/p>\n<p>\u00cencep\u00e2nd de mar\u021bi, de la ora 10, va intra \u00een vigoare o avertizare cod galben pentru sudul Olteniei, Muntenia, Dobrogea \u0219i sudul Moldovei, unde se preconizeaz\u0103 precipita\u021bii semnificative cantitativ. \u00cen timpul zilei, se vor \u00eenregistra precipita\u021bii mixte (ploaie, lapovi\u021b\u0103, ninsoare) \u00een Oltenia \u0219i Muntenia, ploi \u00een Dobrogea \u0219i ninsori \u00een Moldova. Noaptea, ninsorile vor predomina, acumul\u00e2ndu-se cantit\u0103\u021bi de precipita\u021bii de 25-30 l\/mp, iar izolat peste 40 l\/mp. Stratul de z\u0103pad\u0103 se va situa \u00eentre 10 \u0219i 30 cm. V\u00e2ntul va avea rafale de 50-70 km\/h, cu viscol \u0219i vizibilitate redus\u0103 sub 100 metri.<\/p>\n<p>Codul galben este valabil p\u00e2n\u0103 miercuri, la ora 14.<\/p>\n<p>De mar\u021bi, de la ora 17, va intra \u00een vigoare o alt\u0103 avertizare cod galben pentru Carpa\u021bii Meridionali \u0219i de Curbur\u0103, unde v\u00e2ntul va atinge rafale de 70-90 km\/h, cu viscol \u0219i vizibilitate sc\u0103zut\u0103 sub 100 metri. Se va depune un strat de z\u0103pad\u0103 de 10-20 cm (echivalent \u00een ap\u0103 de 15-25 l\/mp).<\/p>\n<p>Avertizarea cod galben va fi \u00een vigoare p\u00e2n\u0103 miercuri, la ora 14.<\/p>\n","protected":false},"excerpt":{"rendered":"<p>Luni, vremea se va r\u0103ci considerabil \u00een Moldova, iar mar\u021bi se va extinde aceast\u0103 tendin\u021b\u0103 \u0219i \u00een regiunile sudice. Astfel, temperaturile maxime se vor situa, \u00een general, \u00eentre -4 \u0219i 4 grade Celsius. Miercuri, condi\u021biile meteorologice vor r\u0103m\u00e2ne reci \u00een Moldova, estul Munteniei \u0219i Dobrogea, cu maxime cuprinse \u00eentre -6 \u0219i 0 grade. La nivel [&hellip;]<\/p>\n","protected":false},"author":5,"featured_media":3303,"comment_status":"open","ping_status":"open","sticky":false,"template":"","format":"standard","meta":{"jnews-multi-image_gallery":[],"jnews_single_post":[],"jnews_primary_category":[],"jnews_override_counter":[],"footnotes":""},"categories":[45],"tags":[2253,871,4036,127,135,126,263,125],"class_list":["post-3302","post","type-post","status-publish","format-standard","has-post-thumbnail","hentry","category-meteo","tag-dobrogea","tag-moldova","tag-muntenia","tag-ninsori","tag-precipitatii","tag-temperaturi","tag-transilvania","tag-vreme"],"_links":{"self":[{"href":"https:\/\/www.newsrecorder.ro\/app\/wp-json\/wp\/v2\/posts\/3302","targetHints":{"allow":["GET"]}}],"collection":[{"href":"https:\/\/www.newsrecorder.ro\/app\/wp-json\/wp\/v2\/posts"}],"about":[{"href":"https:\/\/www.newsrecorder.ro\/app\/wp-json\/wp\/v2\/types\/post"}],"author":[{"embeddable":true,"href":"https:\/\/www.newsrecorder.ro\/app\/wp-json\/wp\/v2\/users\/5"}],"replies":[{"embeddable":true,"href":"https:\/\/www.newsrecorder.ro\/app\/wp-json\/wp\/v2\/comments?post=3302"}],"version-history":[{"count":0,"href":"https:\/\/www.newsrecorder.ro\/app\/wp-json\/wp\/v2\/posts\/3302\/revisions"}],"wp:featuredmedia":[{"embeddable":true,"href":"https:\/\/www.newsrecorder.ro\/app\/wp-json\/wp\/v2\/media\/3303"}],"wp:attachment":[{"href":"https:\/\/www.newsrecorder.ro\/app\/wp-json\/wp\/v2\/media?parent=3302"}],"wp:term":[{"taxonomy":"category","embeddable":true,"href":"https:\/\/www.newsrecorder.ro\/app\/wp-json\/wp\/v2\/categories?post=3302"},{"taxonomy":"post_tag","embeddable":true,"href":"https:\/\/www.newsrecorder.ro\/app\/wp-json\/wp\/v2\/tags?post=3302"}],"curies":[{"name":"wp","href":"https:\/\/api.w.org\/{rel}","templated":true}]}}