{"id":3304,"date":"2026-02-16T10:33:21","date_gmt":"2026-02-16T10:33:21","guid":{"rendered":"https:\/\/www.newsrecorder.ro\/app\/2026\/02\/16\/ultima-ninsoare-in-orasul-tau-ce-spun-meteorologii-pentru-2026\/"},"modified":"2026-02-16T10:33:21","modified_gmt":"2026-02-16T10:33:21","slug":"ultima-ninsoare-in-orasul-tau-ce-spun-meteorologii-pentru-2026","status":"publish","type":"post","link":"https:\/\/www.newsrecorder.ro\/app\/2026\/02\/16\/ultima-ninsoare-in-orasul-tau-ce-spun-meteorologii-pentru-2026\/","title":{"rendered":"Ultima ninsoare \u00een ora\u0219ul t\u0103u: Ce spun meteorologii pentru 2026?"},"content":{"rendered":"<p class=\"font-claude-response-body break-words whitespace-normal leading-[1.7]\">Conform estim\u0103rilor oferite de Administra\u021bia Na\u021bional\u0103 de Meteorologie \u0219i platforma Accuweather, <a href=\"https:\/\/www.gandul.ro\/actualitate\/primavara-cu-zapada-pe-ce-data-cade-ultima-ninsoare-in-orasul-tau-potrivit-meteorologilor-anm-si-accuweather-20804547\" target=\"_blank\" rel=\"noopener\">G\u00e2ndul<\/a> a realizat un tabel care prezint\u0103 datele estimate pentru ultima ninsoare din 2026 \u00een 30 dintre cele mai populate ora\u0219e din Rom\u00e2nia.<\/p>\n<p><strong>C\u00e2nd se va \u00eencheia sezonul de ninsoare?<\/strong><\/p>\n<p class=\"font-claude-response-body break-words whitespace-normal leading-[1.7]\">Aceste informa\u021bii sunt estim\u0103ri bazate pe tendin\u021bele sezoniere \u0219i nu reprezint\u0103 o prognoz\u0103 precis\u0103. Meteorologii analizeaz\u0103 evolu\u021biile atmosferice specifice fiec\u0103rei regiuni pentru a determina aceste date orientative.<\/p>\n<p class=\"font-claude-response-body break-words whitespace-normal leading-[1.7]\">Exper\u021bii subliniaz\u0103 c\u0103 episoadele de ninsoare nu depind doar de localizarea geografic\u0103 a ora\u0219elor, ci \u0219i de diferen\u021bele de altitudine \u00eentre zonele montane \u0219i cele de c\u00e2mpie, care sunt esen\u021biale. De asemenea, modul \u00een care circul\u0103 masele de aer rece este un factor important \u00een apari\u021bia ninsorilor.<\/p>\n<p class=\"font-claude-response-body break-words whitespace-normal leading-[1.7]\">De exemplu, ora\u0219ele situate \u00een depresiuni sau \u00een apropierea mun\u021bilor, cum ar fi Bra\u0219ov, Suceava sau Piatra Neam\u021b, pot experimenta ninsori t\u00e2rzii chiar \u0219i \u00een aprilie. \u00cen contrast, \u00een sudul \u021b\u0103rii \u0219i pe litoral, iarna se retrage semnificativ mai devreme.<\/p>\n<p><strong>Prognoza ANM \u0219i Accuweather pentru ultima ninsoare<\/strong><\/p>\n<p class=\"font-claude-response-body break-words whitespace-normal leading-[1.7]\">Iat\u0103 datele estimate pentru ultima ninsoare \u00een ora\u0219ul t\u0103u:<\/p>\n<ul class=\"[li_&amp;]:mb-0 [li_&amp;]:mt-1 [li_&amp;]:gap-1 [&amp;:not(:last-child)_ul]:pb-1 [&amp;:not(:last-child)_ol]:pb-1 list-disc flex flex-col gap-1 pl-8 mb-3\">\n<li class=\"whitespace-normal break-words pl-2\">Tulcea \u2014 5 martie<\/li>\n<li class=\"whitespace-normal break-words pl-2\">Timi\u0219oara \u2014 12 martie<\/li>\n<li class=\"whitespace-normal break-words pl-2\">T\u00e2rgu Mure\u0219 \u2014 28 martie<\/li>\n<li class=\"whitespace-normal break-words pl-2\">T\u00e2rgu Jiu \u2014 15 martie<\/li>\n<li class=\"whitespace-normal break-words pl-2\">T\u00e2rgovi\u0219te \u2014 14 martie<\/li>\n<li class=\"whitespace-normal break-words pl-2\">Suceava \u2014 6 aprilie<\/li>\n<li class=\"whitespace-normal break-words pl-2\">Sibiu \u2014 30 martie<\/li>\n<li class=\"whitespace-normal break-words pl-2\">Satu Mare \u2014 22 martie<\/li>\n<li class=\"whitespace-normal break-words pl-2\">Re\u0219i\u021ba \u2014 20 martie<\/li>\n<li class=\"whitespace-normal break-words pl-2\">R\u00e2mnicu V\u00e2lcea \u2014 15 martie<\/li>\n<li class=\"whitespace-normal break-words pl-2\">Ploie\u0219ti \u2014 16 martie<\/li>\n<li class=\"whitespace-normal break-words pl-2\">Pite\u0219ti \u2014 14 martie<\/li>\n<li class=\"whitespace-normal break-words pl-2\">Piatra Neam\u021b \u2014 4 aprilie<\/li>\n<li class=\"whitespace-normal break-words pl-2\">Oradea \u2014 15 martie<\/li>\n<li class=\"whitespace-normal break-words pl-2\">Ia\u0219i \u2014 25 martie<\/li>\n<li class=\"whitespace-normal break-words pl-2\">Gala\u021bi \u2014 11 martie<\/li>\n<li class=\"whitespace-normal break-words pl-2\">Foc\u0219ani \u2014 14 martie<\/li>\n<li class=\"whitespace-normal break-words pl-2\">Drobeta-Turnu Severin \u2014 3 martie<\/li>\n<li class=\"whitespace-normal break-words pl-2\">Craiova \u2014 8 martie<\/li>\n<li class=\"whitespace-normal break-words pl-2\">Constan\u021ba \u2014 2 martie<\/li>\n<li class=\"whitespace-normal break-words pl-2\">Cluj-Napoca \u2014 27 martie<\/li>\n<li class=\"whitespace-normal break-words pl-2\">Buz\u0103u \u2014 12 martie<\/li>\n<li class=\"whitespace-normal break-words pl-2\">Bucure\u0219ti \u2014 14 martie<\/li>\n<li class=\"whitespace-normal break-words pl-2\">Br\u0103ila \u2014 10 martie<\/li>\n<li class=\"whitespace-normal break-words pl-2\">Bra\u0219ov \u2014 18 aprilie<\/li>\n<li class=\"whitespace-normal break-words pl-2\">Boto\u0219ani \u2014 5 aprilie<\/li>\n<li class=\"whitespace-normal break-words pl-2\">Bistri\u021ba \u2014 1 aprilie<\/li>\n<li class=\"whitespace-normal break-words pl-2\">Baia Mare \u2014 29 martie<\/li>\n<li class=\"whitespace-normal break-words pl-2\">Bac\u0103u \u2014 26 martie<\/li>\n<li class=\"whitespace-normal break-words pl-2\">Arad \u2014 10 martie<\/li>\n<\/ul>\n<p class=\"font-claude-response-body break-words whitespace-normal leading-[1.7]\"><strong>Despre Accuweather<\/strong><\/p>\n<p class=\"font-claude-response-body break-words whitespace-normal leading-[1.7]\">Accuweather este o platform\u0103 dedicat\u0103 prognozelor meteorologice, oferind informa\u021bii despre vremea din \u00eentreaga lume.<\/p>\n<p class=\"font-claude-response-body break-words whitespace-normal leading-[1.7]\">Fondat\u0103 \u00een 1962 de Joel N. Myers, un student absolvent al Universit\u0103\u021bii Penn State, compania AccuWeather Inc. a \u00eenceput prin a furniza servicii de prognoz\u0103 meteo pentru o companie de gaze din Pennsylvania. Myers a fost \u0219i membru al facult\u0103\u021bii de meteorologie de la aceea\u0219i universitate, iar numele \u201eAccuweather\u201d a fost adoptat \u00een 1971.<\/p>\n<p class=\"font-claude-response-body break-words whitespace-normal leading-[1.7]\">Sediul central al companiei se afl\u0103 \u00een Ferguson Township, aproape de State College, Pennsylvania, av\u00e2nd birouri \u0219i \u00een Manhattan, Wichita \u0219i Oklahoma City. De asemenea, Accuweather dispune de birouri interna\u021bionale \u00een ora\u0219e precum Montreal, Tokyo, Beijing, Seul \u0219i Mumbai.<\/p>\n","protected":false},"excerpt":{"rendered":"<p>Conform estim\u0103rilor oferite de Administra\u021bia Na\u021bional\u0103 de Meteorologie \u0219i platforma Accuweather, G\u00e2ndul a realizat un tabel care prezint\u0103 datele estimate pentru ultima ninsoare din 2026 \u00een 30 dintre cele mai populate ora\u0219e din Rom\u00e2nia. C\u00e2nd se va \u00eencheia sezonul de ninsoare? Aceste informa\u021bii sunt estim\u0103ri bazate pe tendin\u021bele sezoniere \u0219i nu reprezint\u0103 o prognoz\u0103 precis\u0103. [&hellip;]<\/p>\n","protected":false},"author":5,"featured_media":3305,"comment_status":"open","ping_status":"open","sticky":false,"template":"","format":"standard","meta":{"jnews-multi-image_gallery":[],"jnews_single_post":[],"jnews_primary_category":[],"jnews_override_counter":[],"footnotes":""},"categories":[45],"tags":[5380,4800,133,743,5379,132,149,1598],"class_list":["post-3304","post","type-post","status-publish","format-standard","has-post-thumbnail","hentry","category-meteo","tag-altitudine","tag-estimari","tag-meteorologie","tag-ninsoare","tag-orase","tag-prognoza","tag-romania","tag-sezon"],"_links":{"self":[{"href":"https:\/\/www.newsrecorder.ro\/app\/wp-json\/wp\/v2\/posts\/3304","targetHints":{"allow":["GET"]}}],"collection":[{"href":"https:\/\/www.newsrecorder.ro\/app\/wp-json\/wp\/v2\/posts"}],"about":[{"href":"https:\/\/www.newsrecorder.ro\/app\/wp-json\/wp\/v2\/types\/post"}],"author":[{"embeddable":true,"href":"https:\/\/www.newsrecorder.ro\/app\/wp-json\/wp\/v2\/users\/5"}],"replies":[{"embeddable":true,"href":"https:\/\/www.newsrecorder.ro\/app\/wp-json\/wp\/v2\/comments?post=3304"}],"version-history":[{"count":0,"href":"https:\/\/www.newsrecorder.ro\/app\/wp-json\/wp\/v2\/posts\/3304\/revisions"}],"wp:featuredmedia":[{"embeddable":true,"href":"https:\/\/www.newsrecorder.ro\/app\/wp-json\/wp\/v2\/media\/3305"}],"wp:attachment":[{"href":"https:\/\/www.newsrecorder.ro\/app\/wp-json\/wp\/v2\/media?parent=3304"}],"wp:term":[{"taxonomy":"category","embeddable":true,"href":"https:\/\/www.newsrecorder.ro\/app\/wp-json\/wp\/v2\/categories?post=3304"},{"taxonomy":"post_tag","embeddable":true,"href":"https:\/\/www.newsrecorder.ro\/app\/wp-json\/wp\/v2\/tags?post=3304"}],"curies":[{"name":"wp","href":"https:\/\/api.w.org\/{rel}","templated":true}]}}