{"id":3306,"date":"2026-02-16T11:57:16","date_gmt":"2026-02-16T11:57:16","guid":{"rendered":"https:\/\/www.newsrecorder.ro\/app\/2026\/02\/16\/descoperire-uluitoare-arta-rupestra-din-africa-de-sud-si-o-creatura-disparuta\/"},"modified":"2026-02-16T11:57:16","modified_gmt":"2026-02-16T11:57:16","slug":"descoperire-uluitoare-arta-rupestra-din-africa-de-sud-si-o-creatura-disparuta","status":"publish","type":"post","link":"https:\/\/www.newsrecorder.ro\/app\/2026\/02\/16\/descoperire-uluitoare-arta-rupestra-din-africa-de-sud-si-o-creatura-disparuta\/","title":{"rendered":"Descoperire uluitoare: Art\u0103 rupestr\u0103 din Africa de Sud \u0219i o creatur\u0103 disp\u0103rut\u0103!"},"content":{"rendered":"<p>O descoperire fascinant\u0103 \u00een Africa de Sud ar putea dezv\u0103lui leg\u0103tura dintre fosile \u0219i mitologia indigen\u0103. O pictur\u0103 pe st\u00e2nc\u0103, ce dateaz\u0103 din perioada 1821-1835, pare s\u0103 ilustreze un animal preistoric disp\u0103rut acum aproximativ 250 de milioane de ani, conform unui articol publicat de <a style=\"color: #0000ff\" href=\"https:\/\/www.futura-sciences.com\/en\/this-cave-art-south-africa-reveals-strange-creatures-from-250-million-years-ago_22653\/\" target=\"_blank\" rel=\"noopener\">Futura-Sciences<\/a>.<\/p>\n<p>Acest artefact artistic, cunoscut sub numele de \u201ePanoul \u0218arpelui cu Coarne\u201d, este situat \u00een Bazinul Karoo, o zon\u0103 recunoscut\u0103 pentru bog\u0103\u021bia sa \u00een fosile. Pictura ilustreaz\u0103 o varietate de animale, dar atrage aten\u021bia o creatur\u0103 ciudat\u0103, cu col\u021bi, a c\u0103rei identitate r\u0103m\u00e2ne un mister. Aceasta se distinge prin picioare scurte, un cap mic \u0219i col\u021bi curba\u021bi \u00een jos, av\u00e2nd un aspect ce aminte\u0219te de o mors\u0103, de\u0219i aceste mamifere nu au existat niciodat\u0103 \u00een mediul arid al regiunii.<\/p>\n<p>Popula\u021bia San descrie figura enigmatic\u0103 ca pe o entitate spiritual\u0103. Totu\u0219i, tradi\u021biile artistice ale acestora se bazeaz\u0103, \u00een general, pe animale reale, ceea ce ridic\u0103 \u00eentreb\u0103ri cu privire la originea acestei creaturi neobi\u0219nuite.<\/p>\n<p>Bazinul Karoo, recunoscut ca fiind unul dintre cele mai bogate situri fosilifere din lume, p\u0103streaz\u0103 dovezi ale vie\u021bii din perioadele Permian\u0103 p\u00e2n\u0103 la Jurasic\u0103, adic\u0103 \u00eentre aproximativ 299 \u0219i 145 milioane de ani \u00een urm\u0103. Acest loc con\u021bine numeroase fosile de terapside, str\u0103mo\u0219i reptilieni timpurii ai mamiferelor.<\/p>\n<p>Cercet\u0103torul Julien Benoit sugereaz\u0103 c\u0103 oamenii San ar fi putut descoperi fosile expuse la suprafa\u021b\u0103 \u00een timpul v\u00e2n\u0103torii, iar aceste oase str\u0103vechi ar fi putut influen\u021ba miturile \u0219i arta local\u0103. Fosilele continu\u0103 s\u0103 ias\u0103 la iveal\u0103 \u00een Karoo de mii de ani.<\/p>\n<p>\u00cen cercetarea sa publicat\u0103 \u00een revista PLOS One, Benoit men\u021bioneaz\u0103 dicinodon\u021bii ca o posibil\u0103 surs\u0103 de inspira\u021bie pentru pictura San. Aceste animale erbivore, cu corpuri masive \u0219i col\u021bi curba\u021bi, se potrivesc foarte bine cu descrierea creaturii reprezentate pe st\u00e2nc\u0103. Fosilele de dicinodon\u021bi sunt frecvent \u00eent\u00e2lnite \u00een apropierea sitului de art\u0103 rupestr\u0103, iar prima lor descriere \u0219tiin\u021bific\u0103 a avut loc \u00een 1845, la aproximativ un deceniu dup\u0103 realizarea picturii.<\/p>\n<p>Dac\u0103 aceast\u0103 ipotez\u0103 se dovede\u0219te a fi corect\u0103, atunci lucrarea artistic\u0103 ar putea fi considerat\u0103 mai veche dec\u00e2t recunoa\u0219terea \u0219tiin\u021bific\u0103 oficial\u0103 a dicinodon\u021bilor. Aceasta ar eviden\u021bia modul \u00een care comunit\u0103\u021bile antice au interpretat conceptele de \u201etimp profund\u201d prin pove\u0219ti \u0219i simboluri, oferind o perspectiv\u0103 fascinant\u0103 asupra leg\u0103turii dintre art\u0103 \u0219i \u0219tiin\u021b\u0103.<\/p>\n","protected":false},"excerpt":{"rendered":"<p>O descoperire fascinant\u0103 \u00een Africa de Sud ar putea dezv\u0103lui leg\u0103tura dintre fosile \u0219i mitologia indigen\u0103. O pictur\u0103 pe st\u00e2nc\u0103, ce dateaz\u0103 din perioada 1821-1835, pare s\u0103 ilustreze un animal preistoric disp\u0103rut acum aproximativ 250 de milioane de ani, conform unui articol publicat de Futura-Sciences. Acest artefact artistic, cunoscut sub numele de \u201ePanoul \u0218arpelui cu [&hellip;]<\/p>\n","protected":false},"author":7,"featured_media":3307,"comment_status":"open","ping_status":"open","sticky":false,"template":"","format":"standard","meta":{"jnews-multi-image_gallery":[],"jnews_single_post":[],"jnews_primary_category":[],"jnews_override_counter":[],"footnotes":""},"categories":[43],"tags":[2547,5386,5384,5381,5382,5383,5385,5387],"class_list":["post-3306","post","type-post","status-publish","format-standard","has-post-thumbnail","hentry","category-cultura","tag-africa-de-sud","tag-animale-preistorice","tag-bazinul-karoo","tag-fosile","tag-mitologie","tag-panoul-sarpelui-cu-coarne","tag-pictura-pe-stanca","tag-populatia-san"],"_links":{"self":[{"href":"https:\/\/www.newsrecorder.ro\/app\/wp-json\/wp\/v2\/posts\/3306","targetHints":{"allow":["GET"]}}],"collection":[{"href":"https:\/\/www.newsrecorder.ro\/app\/wp-json\/wp\/v2\/posts"}],"about":[{"href":"https:\/\/www.newsrecorder.ro\/app\/wp-json\/wp\/v2\/types\/post"}],"author":[{"embeddable":true,"href":"https:\/\/www.newsrecorder.ro\/app\/wp-json\/wp\/v2\/users\/7"}],"replies":[{"embeddable":true,"href":"https:\/\/www.newsrecorder.ro\/app\/wp-json\/wp\/v2\/comments?post=3306"}],"version-history":[{"count":0,"href":"https:\/\/www.newsrecorder.ro\/app\/wp-json\/wp\/v2\/posts\/3306\/revisions"}],"wp:featuredmedia":[{"embeddable":true,"href":"https:\/\/www.newsrecorder.ro\/app\/wp-json\/wp\/v2\/media\/3307"}],"wp:attachment":[{"href":"https:\/\/www.newsrecorder.ro\/app\/wp-json\/wp\/v2\/media?parent=3306"}],"wp:term":[{"taxonomy":"category","embeddable":true,"href":"https:\/\/www.newsrecorder.ro\/app\/wp-json\/wp\/v2\/categories?post=3306"},{"taxonomy":"post_tag","embeddable":true,"href":"https:\/\/www.newsrecorder.ro\/app\/wp-json\/wp\/v2\/tags?post=3306"}],"curies":[{"name":"wp","href":"https:\/\/api.w.org\/{rel}","templated":true}]}}