{"id":3312,"date":"2026-02-16T11:59:01","date_gmt":"2026-02-16T11:59:01","guid":{"rendered":"https:\/\/www.newsrecorder.ro\/app\/2026\/02\/16\/mallorca-si-ibiza-pregatesc-restrictii-severe-pentru-turisti\/"},"modified":"2026-02-16T11:59:01","modified_gmt":"2026-02-16T11:59:01","slug":"mallorca-si-ibiza-pregatesc-restrictii-severe-pentru-turisti","status":"publish","type":"post","link":"https:\/\/www.newsrecorder.ro\/app\/2026\/02\/16\/mallorca-si-ibiza-pregatesc-restrictii-severe-pentru-turisti\/","title":{"rendered":"Mallorca \u0219i Ibiza preg\u0103tesc restric\u021bii severe pentru turi\u0219ti!"},"content":{"rendered":"<p>Insulele Baleare, celebre pentru destina\u021biile de vacan\u021b\u0103 precum Mallorca, Ibiza \u0219i Menorca, ar putea lua m\u0103suri pentru a limita fluxul anual de turi\u0219ti, conform unui articol publicat de <a href=\"https:\/\/www.express.co.uk\/travel\/europe\/2171399\/majorca-ibiza-potentially-capping-tourist-numbers\" target=\"_blank\" rel=\"noopener\">Express<\/a>.<\/p>\n<p>Partidul Socialist din Insulele Baleare (PSOE), care se afl\u0103 \u00een opozi\u021bie, va propune mar\u021bi, 17 februarie, o ini\u021biativ\u0103 \u00een parlamentul local. Aceast\u0103 propunere are ca scop stabilirea unei limite anuale pentru num\u0103rul de turi\u0219ti, baz\u00e2ndu-se pe cifra record de 17,8 milioane de vizitatori \u00eenregistrat\u0103 \u00een 2023.<\/p>\n<p>\u00cen cadrul propunerii, se sugereaz\u0103 un plafon de aproape 18 milioane de turi\u0219ti pe an, \u00eens\u0103 se ia \u00een considerare \u0219i o variant\u0103 alternativ\u0103 de 16,5 milioane. De asemenea, ini\u021biatorii acestei m\u0103suri afirm\u0103 c\u0103 limita impus\u0103 prin lege ar putea fi ajustat\u0103 \u00een mod gradual \u00een urm\u0103torii ani.<\/p>\n<p>Autorit\u0103\u021bile locale vor decide cum va fi implementat\u0103 aceast\u0103 reglementare \u0219i c\u00e2nd va intra \u00een vigoare. Este important de men\u021bionat c\u0103 restric\u021bia va fi aplicat\u0103 diferit pe fiecare insul\u0103, av\u00e2nd \u00een vedere num\u0103rul de locuitori, turi\u0219ti \u0219i capacitatea de cazare. <a href=\"https:\/\/www.mediafax.ro\/life-entertaiment\/vesti-proaste-se-scumpesc-vacantele-in-una-dintre-cele-mai-populare-zone-turistice-din-europa-23670320\">Mallorca<\/a>, de exemplu, este cea mai aglomerat\u0103 insul\u0103, primind 13,4 milioane de turi\u0219ti \u00een 2024.<\/p>\n<p>Dac\u0103 aceast\u0103 m\u0103sur\u0103 va fi adoptat\u0103, va avea un impact semnificativ asupra milioanelor de persoane dornice s\u0103 viziteze Insulele Baleare. \u00cen 2024, num\u0103rul total de vizitatori a atins 18,7 milioane, iar \u00een 2025 a dep\u0103\u0219it pentru prima dat\u0103 19 milioane. \u00cen contrast, popula\u021bia arhipelagului este de aproximativ 1,2 milioane de locuitori.<\/p>\n<p>Problema supraturismului a devenit o preocupare major\u0103 \u00een Insulele Baleare, gener\u00e2nd numeroase proteste \u00een ultimii ani. Locuitorii se pl\u00e2ng de efectele negative ale supraaglomer\u0103rii, inclusiv probleme de cur\u0103\u021benie, nivel ridicat de zgomot \u0219i lipsa locuin\u021belor accesibile pentru comunitatea local\u0103.<\/p>\n","protected":false},"excerpt":{"rendered":"<p>Insulele Baleare, celebre pentru destina\u021biile de vacan\u021b\u0103 precum Mallorca, Ibiza \u0219i Menorca, ar putea lua m\u0103suri pentru a limita fluxul anual de turi\u0219ti, conform unui articol publicat de Express. Partidul Socialist din Insulele Baleare (PSOE), care se afl\u0103 \u00een opozi\u021bie, va propune mar\u021bi, 17 februarie, o ini\u021biativ\u0103 \u00een parlamentul local. Aceast\u0103 propunere are ca scop [&hellip;]<\/p>\n","protected":false},"author":2,"featured_media":3313,"comment_status":"open","ping_status":"open","sticky":false,"template":"","format":"standard","meta":{"jnews-multi-image_gallery":[],"jnews_single_post":[],"jnews_primary_category":[],"jnews_override_counter":[],"footnotes":""},"categories":[42],"tags":[5401,5402,5403,5404,4152,4077,2046,386],"class_list":["post-3312","post","type-post","status-publish","format-standard","has-post-thumbnail","hentry","category-politica","tag-insulele-baleare","tag-limitare","tag-numar-turisti","tag-parlament-local","tag-partidul-socialist","tag-propunere","tag-reglementare","tag-turism"],"_links":{"self":[{"href":"https:\/\/www.newsrecorder.ro\/app\/wp-json\/wp\/v2\/posts\/3312","targetHints":{"allow":["GET"]}}],"collection":[{"href":"https:\/\/www.newsrecorder.ro\/app\/wp-json\/wp\/v2\/posts"}],"about":[{"href":"https:\/\/www.newsrecorder.ro\/app\/wp-json\/wp\/v2\/types\/post"}],"author":[{"embeddable":true,"href":"https:\/\/www.newsrecorder.ro\/app\/wp-json\/wp\/v2\/users\/2"}],"replies":[{"embeddable":true,"href":"https:\/\/www.newsrecorder.ro\/app\/wp-json\/wp\/v2\/comments?post=3312"}],"version-history":[{"count":0,"href":"https:\/\/www.newsrecorder.ro\/app\/wp-json\/wp\/v2\/posts\/3312\/revisions"}],"wp:featuredmedia":[{"embeddable":true,"href":"https:\/\/www.newsrecorder.ro\/app\/wp-json\/wp\/v2\/media\/3313"}],"wp:attachment":[{"href":"https:\/\/www.newsrecorder.ro\/app\/wp-json\/wp\/v2\/media?parent=3312"}],"wp:term":[{"taxonomy":"category","embeddable":true,"href":"https:\/\/www.newsrecorder.ro\/app\/wp-json\/wp\/v2\/categories?post=3312"},{"taxonomy":"post_tag","embeddable":true,"href":"https:\/\/www.newsrecorder.ro\/app\/wp-json\/wp\/v2\/tags?post=3312"}],"curies":[{"name":"wp","href":"https:\/\/api.w.org\/{rel}","templated":true}]}}