{"id":3314,"date":"2026-02-16T11:59:30","date_gmt":"2026-02-16T11:59:30","guid":{"rendered":"https:\/\/www.newsrecorder.ro\/app\/2026\/02\/16\/ciolacu-joaca-la-risc-pnl-acuza-o-prabusire-a-romaniei\/"},"modified":"2026-02-16T11:59:30","modified_gmt":"2026-02-16T11:59:30","slug":"ciolacu-joaca-la-risc-pnl-acuza-o-prabusire-a-romaniei","status":"publish","type":"post","link":"https:\/\/www.newsrecorder.ro\/app\/2026\/02\/16\/ciolacu-joaca-la-risc-pnl-acuza-o-prabusire-a-romaniei\/","title":{"rendered":"Ciolacu joac\u0103 la risc: PNL acuz\u0103 o pr\u0103bu\u0219ire a Rom\u00e2niei!"},"content":{"rendered":"<p>Deputatul PNL, Muraru, l-a acuzat pe liderul PSD, Marcel Ciolacu, de o \u201eofensiv\u0103 mediatic\u0103 de o obr\u0103znicie rar\u0103\u201d, pe care o consider\u0103 menit\u0103 s\u0103 mascheze criza profund\u0103 cu care se confrunt\u0103 partidul s\u0103u \u0219i dificult\u0103\u021bile economice cu care se lupt\u0103 Rom\u00e2nia. Conform lui Muraru, Ciolacu ar \u00eencerca s\u0103 provoace o criz\u0103 guvernamental\u0103 artificial\u0103, av\u00e2nd ca scop sabotarea redres\u0103rii na\u021bionale coordonate de premierul Ilie Bolojan.<\/p>\n<p>\u201e\u00cen ultimele zile, asist\u0103m la un delir mediatic al domnului Ciolacu. Aceast\u0103 apari\u021bie constant\u0103 pe canalele de televiziune nu dovede\u0219te putere, ci panic\u0103. Marcel Ciolacu \u0219tie c\u0103 a l\u0103sat Rom\u00e2nia \u00eentr-o situa\u021bie critic\u0103 \u0219i \u00eencearc\u0103, cu o obr\u0103znicie f\u0103r\u0103 precedent, s\u0103 fug\u0103 de responsabilitate\u201d, a declarat Muraru.<\/p>\n<p>Deputatul liberal a continuat, afirm\u00e2nd c\u0103 comportamentul lui Ciolacu reflect\u0103 o mentalitate de tip \u201eeu v-am f\u0103cut, eu v\u0103 omor\u201d \u00een raport cu actuala guvernare. \u201eEl pariaz\u0103 pe pr\u0103bu\u0219irea Rom\u00e2niei doar pentru a supravie\u021bui \u00een fruntea PSD\u201d, a subliniat Muraru.<\/p>\n<p>\u201eCiolacu \u00ee\u0219i dore\u0219te e\u0219ecul Guvernului Bolojan, chiar \u0219i cu pre\u021bul suferin\u021bei rom\u00e2nilor, doar pentru a putea afirma ulterior c\u0103 nu el a fost cel care a gre\u0219it. Aceasta este defini\u021bia cinismului politic absolut\u201d, a mai ad\u0103ugat acesta.<\/p>\n<p>Muraru a legat atacurile publice ale lui Ciolacu de tensiunile interne din PSD, afirm\u00e2nd c\u0103 nimeni din partid nu \u00eei cere lui Ciolacu s\u0103 r\u0103spund\u0103 pentru pierderea guvern\u0103rii \u0219i pentru situa\u021bia financiar\u0103 precar\u0103 a \u021b\u0103rii. \u201eEl \u00ee\u0219i \u021bine partidul ostatic \u0219i \u00eel conduce spre o opozi\u021bie distructiv\u0103, sper\u00e2nd c\u0103 zgomotul va acoperi realitatea sumbr\u0103 a cifrelor. Dar adev\u0103rul este unul singur: Ciolacu este arhitectul falimentului\u201d, a declarat deputatul.<\/p>\n<p>\u00cen sprijinul acuza\u021biilor sale, liberalul a prezentat date economice pentru perioada 2023-2024. Muraru a afirmat c\u0103 Rom\u00e2nia va \u00eenregistra un deficit ESA de 9,3% din PIB \u00een 2024, devenind astfel singura \u021bar\u0103 din Uniunea European\u0103 aflat\u0103 \u00een Procedura de Deficit Excesiv, o \u201eru\u0219ine na\u021bional\u0103\u201d care cost\u0103 \u021bara miliarde \u00een dob\u00e2nzi \u0219i afecteaz\u0103 credibilitatea sa interna\u021bional\u0103.<\/p>\n<p>Deputatul a mai sus\u021binut c\u0103 bugetul a fost construit pe venituri supraestimate \u0219i cheltuieli subestimate, men\u021bion\u00e2nd observa\u021biile Consiliului Fiscal cu privire la estim\u0103rile nerealiste legate de digitalizarea ANAF. El a eviden\u021biat diferen\u021ba dintre deficitul cash (8,65%) \u0219i cel ESA (9,3%), sus\u021bin\u00e2nd c\u0103 aceast\u0103 discrepan\u021b\u0103 scoate la iveal\u0103 o realitate alarmant\u0103: peste 9 miliarde de lei \u00een facturi nepl\u0103tite c\u0103tre spitale, constructori \u0219i furnizori, ascunse \u00een sertarele ministerelor pentru a crea o imagine favorabil\u0103 \u00een an electoral.<\/p>\n<p>\u00cen plus, Muraru a criticat utilizarea Fondului de Rezerv\u0103, afirm\u00e2nd c\u0103 acesta a fost transformat \u00eentr-un \u201ebuget paralel\u201d, cu cheltuieli de aproximativ 65 de miliarde de lei f\u0103r\u0103 rectific\u0103ri bugetare transparente.<\/p>\n<p>De asemenea, el a acuzat guvernarea PSD de a fi generat cea mai ridicat\u0103 infla\u021bie din UE (5-7% persistent), erod\u00e2nd astfel puterea de cump\u0103rare a popula\u021biei, \u00een timp ce deficitul de cont curent a atins -7,9%, ad\u00e2ncind dependen\u021ba de \u00eemprumuturi externe.<\/p>\n<p>\u201eDomnule Ciolacu, opri\u021bi acest spectacol degradant. Chiar dac\u0103 \u00eenc\u0103 controla\u021bi PSD, nu sunte\u021bi exonera\u021bi de responsabilitate pentru starea na\u021biunii. Guvernul Bolojan se str\u0103duie\u0219te s\u0103 rezolve problemele pe care le-a\u021bi l\u0103sat \u00een urm\u0103, lu\u00e2nd m\u0103suri dure, dar necesare, pe care le sabota\u021bi politic. Rom\u00e2nii trebuie s\u0103 \u00een\u021beleag\u0103: criza de ast\u0103zi este nota de plat\u0103 a arogan\u021bei \u0219i incompeten\u021bei dumneavoastr\u0103 de ieri\u201d, a concluzionat Muraru.<\/p>\n","protected":false},"excerpt":{"rendered":"<p>Deputatul PNL, Muraru, l-a acuzat pe liderul PSD, Marcel Ciolacu, de o \u201eofensiv\u0103 mediatic\u0103 de o obr\u0103znicie rar\u0103\u201d, pe care o consider\u0103 menit\u0103 s\u0103 mascheze criza profund\u0103 cu care se confrunt\u0103 partidul s\u0103u \u0219i dificult\u0103\u021bile economice cu care se lupt\u0103 Rom\u00e2nia. Conform lui Muraru, Ciolacu ar \u00eencerca s\u0103 provoace o criz\u0103 guvernamental\u0103 artificial\u0103, av\u00e2nd ca [&hellip;]<\/p>\n","protected":false},"author":2,"featured_media":3315,"comment_status":"open","ping_status":"open","sticky":false,"template":"","format":"standard","meta":{"jnews-multi-image_gallery":[],"jnews_single_post":[],"jnews_primary_category":[],"jnews_override_counter":[],"footnotes":""},"categories":[42],"tags":[5097,5406,5407,5405,627,300,5408,319],"class_list":["post-3314","post","type-post","status-publish","format-standard","has-post-thumbnail","hentry","category-politica","tag-ciolacu","tag-criza-guvernamentala","tag-dificultati-economice","tag-muraru","tag-pnl","tag-psd","tag-redresare-nationala","tag-responsabilitate"],"_links":{"self":[{"href":"https:\/\/www.newsrecorder.ro\/app\/wp-json\/wp\/v2\/posts\/3314","targetHints":{"allow":["GET"]}}],"collection":[{"href":"https:\/\/www.newsrecorder.ro\/app\/wp-json\/wp\/v2\/posts"}],"about":[{"href":"https:\/\/www.newsrecorder.ro\/app\/wp-json\/wp\/v2\/types\/post"}],"author":[{"embeddable":true,"href":"https:\/\/www.newsrecorder.ro\/app\/wp-json\/wp\/v2\/users\/2"}],"replies":[{"embeddable":true,"href":"https:\/\/www.newsrecorder.ro\/app\/wp-json\/wp\/v2\/comments?post=3314"}],"version-history":[{"count":0,"href":"https:\/\/www.newsrecorder.ro\/app\/wp-json\/wp\/v2\/posts\/3314\/revisions"}],"wp:featuredmedia":[{"embeddable":true,"href":"https:\/\/www.newsrecorder.ro\/app\/wp-json\/wp\/v2\/media\/3315"}],"wp:attachment":[{"href":"https:\/\/www.newsrecorder.ro\/app\/wp-json\/wp\/v2\/media?parent=3314"}],"wp:term":[{"taxonomy":"category","embeddable":true,"href":"https:\/\/www.newsrecorder.ro\/app\/wp-json\/wp\/v2\/categories?post=3314"},{"taxonomy":"post_tag","embeddable":true,"href":"https:\/\/www.newsrecorder.ro\/app\/wp-json\/wp\/v2\/tags?post=3314"}],"curies":[{"name":"wp","href":"https:\/\/api.w.org\/{rel}","templated":true}]}}