{"id":3318,"date":"2026-02-16T12:00:26","date_gmt":"2026-02-16T12:00:26","guid":{"rendered":"https:\/\/www.newsrecorder.ro\/app\/2026\/02\/16\/kim-jong-un-deschide-un-cartier-pentru-familiile-soldatilor-cazuti-in-ucraina\/"},"modified":"2026-02-16T12:00:26","modified_gmt":"2026-02-16T12:00:26","slug":"kim-jong-un-deschide-un-cartier-pentru-familiile-soldatilor-cazuti-in-ucraina","status":"publish","type":"post","link":"https:\/\/www.newsrecorder.ro\/app\/2026\/02\/16\/kim-jong-un-deschide-un-cartier-pentru-familiile-soldatilor-cazuti-in-ucraina\/","title":{"rendered":"Kim Jong-un deschide un cartier pentru familiile solda\u021bilor c\u0103zu\u021bi \u00een Ucraina"},"content":{"rendered":"<p>Liderul nord-coreean, Kim Jong-un, a deschis un nou cartier de locuin\u021be \u00een Phenian, destinat familiilor solda\u021bilor care \u0219i-au pierdut via\u021ba \u00een r\u0103zboiul din Ucraina.<\/p>\n<p>Presa de stat a anun\u021bat c\u0103 acest proiect este menit s\u0103 onoreze trupele trimise pentru a sus\u021bine campania militar\u0103 a Rusiei. Aceast\u0103 ini\u021biativ\u0103 se desf\u0103\u0219oar\u0103 pe fondul unei intensific\u0103ri a propagandei, care \u00eei prezint\u0103 pe solda\u021bii deceda\u021bi ca fiind eroi na\u021bionali, conform unui raport de la <a style=\"color: #0000ff\" href=\"https:\/\/www.theguardian.com\/world\/2026\/feb\/16\/north-korea-housing-ukraine-war-families\" target=\"_blank\" rel=\"noopener\">The Guardian<\/a>.<\/p>\n<p>Noul ansamblu reziden\u021bial, denumit Strada Saeppyol, este amplasat \u00een zona Hawasong a capitalei nord-coreene. Imaginile transmise de mass-media oficial\u0103 \u00eel surprind pe Kim \u00een vizit\u0103, al\u0103turi de <a style=\"color: #0000ff\" href=\"https:\/\/www.mediafax.ro\/stirile-zilei\/kim-jong-un-ar-pregati-succesiunea-fiicei-sale-la-conducerea-coreei-de-nord-23685700\">fiica sa, Kim Ju-ae<\/a>. Cu aceast\u0103 ocazie, liderul a descris solda\u021bii c\u0103zu\u021bi drept \u201etineri martiri\u201d care au f\u0103cut sacrificii imense pentru \u021bar\u0103.<\/p>\n<p>Kim Jong-un a subliniat c\u0103 acest proiect reprezint\u0103 \u201espiritul \u0219i sacrificiul\u201d trupelor, ad\u0103ug\u00e2nd c\u0103 locuin\u021bele sunt destinate s\u0103 ofere confort \u0219i m\u00e2ndrie familiilor \u00eendoliate. Construc\u021bia a fost realizat\u0103 \u00eentr-un timp record, av\u00e2nd ca scop oferirea unei \u201emici alin\u0103ri\u201d rudelor solda\u021bilor deceda\u021bi.<\/p>\n<p>Informa\u021bii provenite din surse sud-coreene, ucrainene \u0219i occidentale sugereaz\u0103 c\u0103 Coreea de Nord a trimis aproximativ 14.000 de militari pentru a sprijini for\u021bele ruse \u00een conflictul din Ucraina, iar estim\u0103rile indic\u0103 faptul c\u0103 peste 6.000 dintre ace\u0219tia au fost uci\u0219i. \u00cen plus, Phenianul ar fi furnizat armament, inclusiv artilerie \u0219i rachete, Moscovei.<\/p>\n<p>\u00centr-o declara\u021bie recent\u0103, Kim a promis \u201esprijin necondi\u021bionat\u201d pre\u0219edintelui rus Vladimir Putin. Desf\u0103\u0219urarea trupelor face parte dintr-un acord de ap\u0103rare reciproc\u0103 semnat \u00een 2024, iar anali\u0219tii sugereaz\u0103 c\u0103 Phenianul ar putea beneficia de experien\u021b\u0103 militar\u0103 \u0219i colaborare tehnic\u0103 cu Rusia.<\/p>\n<p>Inaugurarea noului cartier are loc cu c\u00e2teva s\u0103pt\u0103m\u00e2ni \u00eenainte de un important <a style=\"color: #0000ff\" href=\"https:\/\/www.mediafax.ro\/externe\/kim-jong-un-va-anunta-obiective-politice-majore-la-congresul-partidului-din-coreea-de-nord-23683476\">congres al partidului<\/a> de guvern\u0103m\u00e2nt, programat pentru sf\u00e2r\u0219itul acestei luni. Exper\u021bii consider\u0103 c\u0103 acest moment este strategic, av\u00e2nd poten\u021bialul de a consolida unitatea intern\u0103 \u0219i de a justifica desf\u0103\u0219urarea trupelor \u00een afaceri externe.<\/p>\n<p>Prin sprijinul vizibil acordat familiilor solda\u021bilor c\u0103zu\u021bi, regimul nord-coreean \u00ee\u0219i propune s\u0103 \u00eent\u0103reasc\u0103 sus\u021binerea intern\u0103. Observatorii afirm\u0103 c\u0103 aceast\u0103 ini\u021biativ\u0103 reflect\u0103 eforturile Phenianului de a prezenta implicarea sa \u00een conflictul din Ucraina ca o datorie patriotic\u0103.<\/p>\n","protected":false},"excerpt":{"rendered":"<p>Liderul nord-coreean, Kim Jong-un, a deschis un nou cartier de locuin\u021be \u00een Phenian, destinat familiilor solda\u021bilor care \u0219i-au pierdut via\u021ba \u00een r\u0103zboiul din Ucraina. Presa de stat a anun\u021bat c\u0103 acest proiect este menit s\u0103 onoreze trupele trimise pentru a sus\u021bine campania militar\u0103 a Rusiei. Aceast\u0103 ini\u021biativ\u0103 se desf\u0103\u0219oar\u0103 pe fondul unei intensific\u0103ri a propagandei, [&hellip;]<\/p>\n","protected":false},"author":2,"featured_media":3319,"comment_status":"open","ping_status":"open","sticky":false,"template":"","format":"standard","meta":{"jnews-multi-image_gallery":[],"jnews_single_post":[],"jnews_primary_category":[],"jnews_override_counter":[],"footnotes":""},"categories":[42],"tags":[907,5412,5411,2336,453,1989,896,5413],"class_list":["post-3318","post","type-post","status-publish","format-standard","has-post-thumbnail","hentry","category-politica","tag-coreea-de-nord","tag-eroi-nationali","tag-kim-jong-un","tag-locuinte","tag-propaganda","tag-razboi-ucraina","tag-soldati","tag-strada-saeppyol"],"_links":{"self":[{"href":"https:\/\/www.newsrecorder.ro\/app\/wp-json\/wp\/v2\/posts\/3318","targetHints":{"allow":["GET"]}}],"collection":[{"href":"https:\/\/www.newsrecorder.ro\/app\/wp-json\/wp\/v2\/posts"}],"about":[{"href":"https:\/\/www.newsrecorder.ro\/app\/wp-json\/wp\/v2\/types\/post"}],"author":[{"embeddable":true,"href":"https:\/\/www.newsrecorder.ro\/app\/wp-json\/wp\/v2\/users\/2"}],"replies":[{"embeddable":true,"href":"https:\/\/www.newsrecorder.ro\/app\/wp-json\/wp\/v2\/comments?post=3318"}],"version-history":[{"count":0,"href":"https:\/\/www.newsrecorder.ro\/app\/wp-json\/wp\/v2\/posts\/3318\/revisions"}],"wp:featuredmedia":[{"embeddable":true,"href":"https:\/\/www.newsrecorder.ro\/app\/wp-json\/wp\/v2\/media\/3319"}],"wp:attachment":[{"href":"https:\/\/www.newsrecorder.ro\/app\/wp-json\/wp\/v2\/media?parent=3318"}],"wp:term":[{"taxonomy":"category","embeddable":true,"href":"https:\/\/www.newsrecorder.ro\/app\/wp-json\/wp\/v2\/categories?post=3318"},{"taxonomy":"post_tag","embeddable":true,"href":"https:\/\/www.newsrecorder.ro\/app\/wp-json\/wp\/v2\/tags?post=3318"}],"curies":[{"name":"wp","href":"https:\/\/api.w.org\/{rel}","templated":true}]}}