{"id":3320,"date":"2026-02-16T12:00:50","date_gmt":"2026-02-16T12:00:50","guid":{"rendered":"https:\/\/www.newsrecorder.ro\/app\/2026\/02\/16\/fost-ministru-romania-va-ramane-fara-bani-din-pnrr-din-iunie-2025\/"},"modified":"2026-02-16T12:00:50","modified_gmt":"2026-02-16T12:00:50","slug":"fost-ministru-romania-va-ramane-fara-bani-din-pnrr-din-iunie-2025","status":"publish","type":"post","link":"https:\/\/www.newsrecorder.ro\/app\/2026\/02\/16\/fost-ministru-romania-va-ramane-fara-bani-din-pnrr-din-iunie-2025\/","title":{"rendered":"Fost ministru: Rom\u00e2nia va r\u0103m\u00e2ne f\u0103r\u0103 bani din PNRR din iunie 2025!"},"content":{"rendered":"<p>Adrian C\u00e2ciu, fostul ministru de Finan\u021be, a alertat recent printr-o postare pe Facebook referitor la situa\u021bia financiar\u0103 a Rom\u00e2niei, afirm\u00e2nd c\u0103 \u021bara nu mai dispune de fonduri \u00een conturile PNRR. \u201eRom\u00e2nia a terminat banii din PNRR pe care \u00eei avea \u00een conturi. Are 0 euro \u00een conturi. Iar asta este grav!\u201d a subliniat C\u00e2ciu.<\/p>\n<p>Conform acestuia, toate pl\u0103\u021bile curente legate de proiectele PNRR se fac din fonduri na\u021bionale, ceea ce presupune c\u0103 Rom\u00e2nia se \u00eemprumut\u0103 de pe pia\u021b\u0103 la o dob\u00e2nd\u0103 de 7%. Aceasta situa\u021bie este cauzat\u0103 de faptul c\u0103, din iunie 2025 p\u00e2n\u0103 \u00een prezent, Rom\u00e2nia nu a atras niciun euro din PNRR de la Comisia European\u0103, de\u0219i are de primit 3,1 miliarde euro. P\u00e2n\u0103 acum, Rom\u00e2nia a primit un total de 10,5 miliarde euro, incluz\u00e2nd prefinan\u021b\u0103ri \u0219i mai multe cereri de plat\u0103, dar a cheltuit aproximativ 11 miliarde euro pe facturile aferente proiectelor din PNRR. \u00cen acest moment, Rom\u00e2nia a\u0219teapt\u0103 s\u0103 \u00eencaseze 3,1 miliarde euro de la Comisia European\u0103, din care 840 milioane euro din Cererea de Plat\u0103 3 \u0219i 2,3 miliarde euro din Cererea de Plat\u0103 4.<\/p>\n<p>\u00cen leg\u0103tur\u0103 cu termenele de \u00eencasare, C\u00e2ciu a men\u021bionat c\u0103 pentru cei 840 milioane de euro, termenul de validare a fost 28 noiembrie, iar termenul de \u00eencasare trebuia s\u0103 fie 28 ianuarie, ambele fiind deja dep\u0103\u0219ite. De asemenea, termenul de validare pentru cei 2,3 miliarde euro din Cererea de Plat\u0103 4 a expirat pe 15 februarie.<\/p>\n<p>\u201eAm dubii c\u0103 Cererea de Plat\u0103 4 va fi validat\u0103 mai devreme de mai 2026\u201d, a ad\u0103ugat el, subliniind gravitatea situa\u021biei. C\u00e2ciu a criticat lipsa de transparen\u021b\u0103 din partea actualului ministru al Fondurilor Europene, care, \u00een loc s\u0103 \u00ee\u0219i asume responsabilitatea \u0219i s\u0103 explice de ce Rom\u00e2nia a pierdut 7 miliarde euro din PNRR, face declara\u021bii politice despre \u201eexplozia absorb\u021biei pe PNRR\u201d. \u201eCare este adev\u0103rata explozie? Cea realizat\u0103 cu fondurile pe care Rom\u00e2nia deja le avea?\u201d \u00eentreab\u0103 el retoric.<\/p>\n<p>Fostul ministru a cerut clarific\u0103ri cu privire la banii care nu au fost \u00eencasati, \u00eentreb\u00e2nd de ce Rom\u00e2nia nu a ob\u021binut cei 840 milioane euro din Cererea de Plat\u0103 3 \u0219i ce se \u00eent\u00e2mpl\u0103 cu cei 2,3 miliarde euro din Cererea de Plat\u0103 4. \u00cen plus, C\u00e2ciu a pus \u00een discu\u021bie cum se va reu\u0219i \u00eencasarea celor 10,5 miliarde euro r\u0103mase din PNRR p\u00e2n\u0103 \u00een luna august.<\/p>\n<p>\u201eEste \u00eengrijor\u0103tor c\u0103 actualul ministru depinde de influen\u021ba altora pentru a r\u0103m\u00e2ne \u00een func\u021bie, dar riscurile generate de lipsa banilor PNRR \u00een conturi sunt severe. Folosirea fondurilor na\u021bionale la costuri mari va afecta \u0219i execu\u021bia bugetar\u0103, gener\u00e2nd un deficit temporar mai mare,\u201d a concluzionat C\u00e2ciu, cer\u00e2nd un plan de ac\u021biune concret. \u201eBanii, unde sunt banii?\u201d a \u00eentrebat el, eviden\u021biind nevoia urgent\u0103 de transparen\u021b\u0103 \u0219i responsabilitate \u00een gestionarea fondurilor europene.<\/p>\n","protected":false},"excerpt":{"rendered":"<p>Adrian C\u00e2ciu, fostul ministru de Finan\u021be, a alertat recent printr-o postare pe Facebook referitor la situa\u021bia financiar\u0103 a Rom\u00e2niei, afirm\u00e2nd c\u0103 \u021bara nu mai dispune de fonduri \u00een conturile PNRR. \u201eRom\u00e2nia a terminat banii din PNRR pe care \u00eei avea \u00een conturi. Are 0 euro \u00een conturi. Iar asta este grav!\u201d a subliniat C\u00e2ciu. Conform [&hellip;]<\/p>\n","protected":false},"author":2,"featured_media":3321,"comment_status":"open","ping_status":"open","sticky":false,"template":"","format":"standard","meta":{"jnews-multi-image_gallery":[],"jnews_single_post":[],"jnews_primary_category":[],"jnews_override_counter":[],"footnotes":""},"categories":[42],"tags":[2611,499,5414,1265,1766,101,1299,149],"class_list":["post-3320","post","type-post","status-publish","format-standard","has-post-thumbnail","hentry","category-politica","tag-adrian-caciu","tag-comisia-europeana","tag-datorii","tag-finante","tag-fonduri-europene","tag-imprumut","tag-pnr","tag-romania"],"_links":{"self":[{"href":"https:\/\/www.newsrecorder.ro\/app\/wp-json\/wp\/v2\/posts\/3320","targetHints":{"allow":["GET"]}}],"collection":[{"href":"https:\/\/www.newsrecorder.ro\/app\/wp-json\/wp\/v2\/posts"}],"about":[{"href":"https:\/\/www.newsrecorder.ro\/app\/wp-json\/wp\/v2\/types\/post"}],"author":[{"embeddable":true,"href":"https:\/\/www.newsrecorder.ro\/app\/wp-json\/wp\/v2\/users\/2"}],"replies":[{"embeddable":true,"href":"https:\/\/www.newsrecorder.ro\/app\/wp-json\/wp\/v2\/comments?post=3320"}],"version-history":[{"count":0,"href":"https:\/\/www.newsrecorder.ro\/app\/wp-json\/wp\/v2\/posts\/3320\/revisions"}],"wp:featuredmedia":[{"embeddable":true,"href":"https:\/\/www.newsrecorder.ro\/app\/wp-json\/wp\/v2\/media\/3321"}],"wp:attachment":[{"href":"https:\/\/www.newsrecorder.ro\/app\/wp-json\/wp\/v2\/media?parent=3320"}],"wp:term":[{"taxonomy":"category","embeddable":true,"href":"https:\/\/www.newsrecorder.ro\/app\/wp-json\/wp\/v2\/categories?post=3320"},{"taxonomy":"post_tag","embeddable":true,"href":"https:\/\/www.newsrecorder.ro\/app\/wp-json\/wp\/v2\/tags?post=3320"}],"curies":[{"name":"wp","href":"https:\/\/api.w.org\/{rel}","templated":true}]}}