{"id":3322,"date":"2026-02-16T12:01:06","date_gmt":"2026-02-16T12:01:06","guid":{"rendered":"https:\/\/www.newsrecorder.ro\/app\/2026\/02\/16\/consilier-prezidential-romania-raspunde-la-invitatia-partenerilor-strategici\/"},"modified":"2026-02-16T12:01:06","modified_gmt":"2026-02-16T12:01:06","slug":"consilier-prezidential-romania-raspunde-la-invitatia-partenerilor-strategici","status":"publish","type":"post","link":"https:\/\/www.newsrecorder.ro\/app\/2026\/02\/16\/consilier-prezidential-romania-raspunde-la-invitatia-partenerilor-strategici\/","title":{"rendered":"Consilier preziden\u021bial: Rom\u00e2nia r\u0103spunde la invita\u021bia partenerilor strategici"},"content":{"rendered":"<p>Eugen Tomac a exprimat entuziasmul s\u0103u fa\u021b\u0103 de decizia luat\u0103 de Nicu\u0219or Dan \u00een leg\u0103tur\u0103 cu participarea Rom\u00e2niei la Consiliul P\u0103cii. Pre\u0219edintele a anun\u021bat ieri c\u0103 Rom\u00e2nia va fi prezent\u0103 ca stat observator, la invita\u021bia pre\u0219edintelui Donald Trump, la Washington. Tomac a subliniat c\u0103 a sus\u021binut aceast\u0103 ini\u021biativ\u0103 a administra\u021biei americane \u00eenc\u0103 de la \u00eenceput, eviden\u021biind importan\u021ba eforturilor de pace pentru Gaza. El a men\u021bionat c\u0103 Rom\u00e2nia are o rela\u021bie puternic\u0103 \u0219i stabil\u0103 at\u00e2t cu Israelul, c\u00e2t \u0219i cu Palestina, \u0219i este interesat\u0103 de un proces de pace \u0219i reconstruc\u021bie eficient \u00een F\u00e2\u0219ia Gaza. Astfel, pre\u0219edintele Dan, dup\u0103 o analiz\u0103 atent\u0103 \u0219i un dialog constructiv cu partea american\u0103, a decis s\u0103 accepte invita\u021bia lui Trump \u0219i va fi prezent la Washington.<\/p>\n<p>C\u00e2nd a fost \u00eentrebat dac\u0103 Rom\u00e2nia ar fi trebuit s\u0103 se alinieze mai mult cu liderii europeni \u00een privin\u021ba Consiliului pentru Pace, consilierul preziden\u021bial a declarat: \u201dSuntem un stat membru al Uniunii Europene, profund proeuropean \u0219i angajat \u00een toate proiectele esen\u021biale europene. \u00cen prezent, Rom\u00e2nia r\u0103spunde unei invita\u021bii din partea unui partener strategic fundamental pentru securitatea noastr\u0103, \u0219i am considerat c\u0103 este important s\u0103 accept\u0103m aceast\u0103 oportunitate.\u201d<\/p>\n<p>Pe de alt\u0103 parte, pre\u0219edintele Nicu\u0219or Dan a anun\u021bat pe re\u021belele sociale c\u0103 va participa la prima reuniune a Consiliului P\u0103cii la Washington, subliniind: \u201dRom\u00e2nia va avea calitate de observator. Voi reafirma sprijinul nostru ferm pentru eforturile interna\u021bionale de pace \u0219i ne exprim\u0103m deschiderea de a contribui la procesul de reconstruc\u021bie din F\u00e2\u0219ia Gaza.\u201d<\/p>\n","protected":false},"excerpt":{"rendered":"<p>Eugen Tomac a exprimat entuziasmul s\u0103u fa\u021b\u0103 de decizia luat\u0103 de Nicu\u0219or Dan \u00een leg\u0103tur\u0103 cu participarea Rom\u00e2niei la Consiliul P\u0103cii. Pre\u0219edintele a anun\u021bat ieri c\u0103 Rom\u00e2nia va fi prezent\u0103 ca stat observator, la invita\u021bia pre\u0219edintelui Donald Trump, la Washington. Tomac a subliniat c\u0103 a sus\u021binut aceast\u0103 ini\u021biativ\u0103 a administra\u021biei americane \u00eenc\u0103 de la \u00eenceput, [&hellip;]<\/p>\n","protected":false},"author":2,"featured_media":3323,"comment_status":"open","ping_status":"open","sticky":false,"template":"","format":"standard","meta":{"jnews-multi-image_gallery":[],"jnews_single_post":[],"jnews_primary_category":[],"jnews_override_counter":[],"footnotes":""},"categories":[42],"tags":[5415,31,2582,673,286,2965,429,149],"class_list":["post-3322","post","type-post","status-publish","format-standard","has-post-thumbnail","hentry","category-politica","tag-consiliul-pacii","tag-jnews_demo_donald-trump","tag-eugen-tomac","tag-fasia-gaza","tag-nicusor-dan","tag-proces-de-pace","tag-relatii-internationale","tag-romania"],"_links":{"self":[{"href":"https:\/\/www.newsrecorder.ro\/app\/wp-json\/wp\/v2\/posts\/3322","targetHints":{"allow":["GET"]}}],"collection":[{"href":"https:\/\/www.newsrecorder.ro\/app\/wp-json\/wp\/v2\/posts"}],"about":[{"href":"https:\/\/www.newsrecorder.ro\/app\/wp-json\/wp\/v2\/types\/post"}],"author":[{"embeddable":true,"href":"https:\/\/www.newsrecorder.ro\/app\/wp-json\/wp\/v2\/users\/2"}],"replies":[{"embeddable":true,"href":"https:\/\/www.newsrecorder.ro\/app\/wp-json\/wp\/v2\/comments?post=3322"}],"version-history":[{"count":0,"href":"https:\/\/www.newsrecorder.ro\/app\/wp-json\/wp\/v2\/posts\/3322\/revisions"}],"wp:featuredmedia":[{"embeddable":true,"href":"https:\/\/www.newsrecorder.ro\/app\/wp-json\/wp\/v2\/media\/3323"}],"wp:attachment":[{"href":"https:\/\/www.newsrecorder.ro\/app\/wp-json\/wp\/v2\/media?parent=3322"}],"wp:term":[{"taxonomy":"category","embeddable":true,"href":"https:\/\/www.newsrecorder.ro\/app\/wp-json\/wp\/v2\/categories?post=3322"},{"taxonomy":"post_tag","embeddable":true,"href":"https:\/\/www.newsrecorder.ro\/app\/wp-json\/wp\/v2\/tags?post=3322"}],"curies":[{"name":"wp","href":"https:\/\/api.w.org\/{rel}","templated":true}]}}