{"id":3328,"date":"2026-02-16T12:06:15","date_gmt":"2026-02-16T12:06:15","guid":{"rendered":"https:\/\/www.newsrecorder.ro\/app\/2026\/02\/16\/gheorghiu-romania-nu-poate-continua-sa-se-imprumute-la-dobanzi-mari\/"},"modified":"2026-02-16T12:06:15","modified_gmt":"2026-02-16T12:06:15","slug":"gheorghiu-romania-nu-poate-continua-sa-se-imprumute-la-dobanzi-mari","status":"publish","type":"post","link":"https:\/\/www.newsrecorder.ro\/app\/2026\/02\/16\/gheorghiu-romania-nu-poate-continua-sa-se-imprumute-la-dobanzi-mari\/","title":{"rendered":"Gheorghiu: Rom\u00e2nia nu poate continua s\u0103 se \u00eemprumute la dob\u00e2nzi mari!"},"content":{"rendered":"<p>\u00centr-o recent\u0103 apari\u021bie la Digi 24, Oana Gheorghiu a fost \u00eentrebat\u0103 dac\u0103 va lua sf\u00e2r\u0219it saga reducerilor de cheltuieli. Ea a subliniat c\u0103 nu face parte din coali\u021bia guvernamental\u0103, motiv pentru care nu poate oferi informa\u021bii detaliate despre discu\u021biile interne.<\/p>\n<p>Vicepremierul a exprimat speran\u021ba c\u0103 politicienii vor demonstra maturitate \u0219i vor \u00een\u021belege c\u0103 Rom\u00e2nia nu \u00ee\u0219i permite s\u0103 cheltuie constant bani pe care nu \u00eei are, evit\u00e2nd astfel \u00eemprumuturile continue. \u201eSper c\u0103 oamenii politici s\u0103 aib\u0103 suficient\u0103 maturitate astfel \u00eenc\u00e2t s\u0103 \u00een\u021beleag\u0103 c\u0103 Rom\u00e2nia nu-\u0219i permite s\u0103 pl\u0103teasc\u0103 la nesf\u00e2r\u0219it bani pe care nu-i are \u0219i s\u0103 se \u00eemprumute\u201d, a declarat Gheorghiu.<\/p>\n<p>Referitor la a\u0219tept\u0103rile cet\u0103\u021benilor rom\u00e2ni, Gheorghiu a afirmat c\u0103 ace\u0219tia a\u0219teapt\u0103 s\u0103 vad\u0103 efectele acestor t\u0103ieri. Ea a subliniat necesitatea unei decizii politice care s\u0103 sprijine at\u00e2t Guvernul, c\u00e2t \u0219i societatea \u00een ansamblu, pentru a putea merge mai departe f\u0103r\u0103 a se \u00eendatora la dob\u00e2nzi foarte mari. \u201eSper c\u0103 oamenii politici s\u0103 \u00eencerce s\u0103 ia o decizie care s\u0103 ajute Guvernul rom\u00e2nesc, de fapt societatea, s\u0103 mearg\u0103 mai departe f\u0103r\u0103 a se \u00eemprumuta \u00een continuare la dob\u00e2nzi foarte mari \u0219i la nesf\u00e2r\u0219it\u201d, a ad\u0103ugat ea.<\/p>\n<p><strong>Situa\u021bia banilor din PNRR<\/strong><\/p>\n<p>C\u00e2nd a fost \u00eentrebat\u0103 despre afirma\u021biile lui Adrian C\u00e2ciu referitoare la lipsa fondurilor din PNRR, Oana Gheorghiu a oferit clarific\u0103ri importante. Fostul ministru al finan\u021belor a sus\u021binut c\u0103 Rom\u00e2nia se confrunt\u0103 cu lipsa banilor \u00een conturi \u0219i c\u0103 exist\u0103 \u00eent\u00e2rzieri de 3-4 luni \u00een r\u0103spunsurile Comisiei Europene.<\/p>\n<p>\u00centrebat\u0103 despre posibilele blocaje sau \u00eent\u00e2rzieri legate de fondurile din PNRR, Gheorghiu a declarat c\u0103 nu de\u021bine informa\u021biile men\u021bionate de C\u00e2ciu. \u201eNu am informa\u021biile pe care le-a\u021bi precizat \u0219i pe care le-a spus domnul C\u00e2ciu\u201d, a afirmat ea.<\/p>\n<p>\u00cen ceea ce prive\u0219te sumele pierdute, vicepremierul a confirmat c\u0103 Rom\u00e2nia va pierde 231 milioane de euro, din cauza neanul\u0103rii pensiilor speciale \u0219i a lipsei reformelor \u00een acest domeniu. \u201eDespre restul banilor nu am informa\u021bii c\u0103 nu ar fi aproba\u021bi\u201d, a ad\u0103ugat Gheorghiu.<\/p>\n<p><strong>Jaloanele \u0219i cererile de plat\u0103<\/strong><\/p>\n<p>Referitor la stadiul cererilor de plat\u0103, Oana Gheorghiu a explicat c\u0103 acestea sunt \u00een proces de procesare. Rom\u00e2nia a realizat anumite jaloane, iar C\u00e2ciu a men\u021bionat opera\u021bionalizarea APMIP. \u201eAcest lucru s-a \u00eent\u00e2mplat \u0219i nu cred c\u0103 Rom\u00e2nia are o problem\u0103 cu acest jalon\u201d, a concluzionat Gheorghiu.<\/p>\n","protected":false},"excerpt":{"rendered":"<p>\u00centr-o recent\u0103 apari\u021bie la Digi 24, Oana Gheorghiu a fost \u00eentrebat\u0103 dac\u0103 va lua sf\u00e2r\u0219it saga reducerilor de cheltuieli. Ea a subliniat c\u0103 nu face parte din coali\u021bia guvernamental\u0103, motiv pentru care nu poate oferi informa\u021bii detaliate despre discu\u021biile interne. Vicepremierul a exprimat speran\u021ba c\u0103 politicienii vor demonstra maturitate \u0219i vor \u00een\u021belege c\u0103 Rom\u00e2nia nu [&hellip;]<\/p>\n","protected":false},"author":2,"featured_media":3329,"comment_status":"open","ping_status":"open","sticky":false,"template":"","format":"standard","meta":{"jnews-multi-image_gallery":[],"jnews_single_post":[],"jnews_primary_category":[],"jnews_override_counter":[],"footnotes":""},"categories":[42],"tags":[289,167,5426,301,1695,5425,2866,149],"class_list":["post-3328","post","type-post","status-publish","format-standard","has-post-thumbnail","hentry","category-politica","tag-cetateni","tag-cheltuieli","tag-decizii-politice","tag-guvern","tag-imprumuturi","tag-maturitate","tag-reduceri","tag-romania"],"_links":{"self":[{"href":"https:\/\/www.newsrecorder.ro\/app\/wp-json\/wp\/v2\/posts\/3328","targetHints":{"allow":["GET"]}}],"collection":[{"href":"https:\/\/www.newsrecorder.ro\/app\/wp-json\/wp\/v2\/posts"}],"about":[{"href":"https:\/\/www.newsrecorder.ro\/app\/wp-json\/wp\/v2\/types\/post"}],"author":[{"embeddable":true,"href":"https:\/\/www.newsrecorder.ro\/app\/wp-json\/wp\/v2\/users\/2"}],"replies":[{"embeddable":true,"href":"https:\/\/www.newsrecorder.ro\/app\/wp-json\/wp\/v2\/comments?post=3328"}],"version-history":[{"count":0,"href":"https:\/\/www.newsrecorder.ro\/app\/wp-json\/wp\/v2\/posts\/3328\/revisions"}],"wp:featuredmedia":[{"embeddable":true,"href":"https:\/\/www.newsrecorder.ro\/app\/wp-json\/wp\/v2\/media\/3329"}],"wp:attachment":[{"href":"https:\/\/www.newsrecorder.ro\/app\/wp-json\/wp\/v2\/media?parent=3328"}],"wp:term":[{"taxonomy":"category","embeddable":true,"href":"https:\/\/www.newsrecorder.ro\/app\/wp-json\/wp\/v2\/categories?post=3328"},{"taxonomy":"post_tag","embeddable":true,"href":"https:\/\/www.newsrecorder.ro\/app\/wp-json\/wp\/v2\/tags?post=3328"}],"curies":[{"name":"wp","href":"https:\/\/api.w.org\/{rel}","templated":true}]}}