{"id":3330,"date":"2026-02-16T12:06:35","date_gmt":"2026-02-16T12:06:35","guid":{"rendered":"https:\/\/www.newsrecorder.ro\/app\/2026\/02\/16\/greva-aviatica-in-italia-amanata-pasagerii-trebuie-sa-fie-pregatiti\/"},"modified":"2026-02-16T12:06:35","modified_gmt":"2026-02-16T12:06:35","slug":"greva-aviatica-in-italia-amanata-pasagerii-trebuie-sa-fie-pregatiti","status":"publish","type":"post","link":"https:\/\/www.newsrecorder.ro\/app\/2026\/02\/16\/greva-aviatica-in-italia-amanata-pasagerii-trebuie-sa-fie-pregatiti\/","title":{"rendered":"Greva aviatic\u0103 \u00een Italia am\u00e2nat\u0103! Pasagerii trebuie s\u0103 fie preg\u0103ti\u021bi!"},"content":{"rendered":"<p>Grevele ini\u021bial planificate pentru 16 februarie ar fi generat disfunc\u021bii semnificative \u00een aeroporturile din Italia, coinciz\u00e2nd cu desf\u0103\u0219urarea Jocurilor Olimpice de Iarn\u0103. \u00cen urma acestei situa\u021bii, vicepremierul Matteo Salvini a decis s\u0103 intervin\u0103 pentru a suspenda ac\u021biunea sindical\u0103, subliniind importan\u021ba garant\u0103rii mobilit\u0103\u021bii \u00een cadrul unui \u201eeveniment de importan\u021b\u0103 global\u0103\u201d. Ca urmare a acestei interven\u021bii, greva de 24 de ore a fost reprogramat\u0103 pentru sf\u00e2r\u0219itul lunii februarie, conform informa\u021biilor furnizate de <a href=\"https:\/\/www.euronews.com\/travel\/2026\/02\/16\/train-and-airport-strikes-in-italy-to-disrupt-thousands-of-travellers-this-month\" target=\"_blank\" rel=\"noopener\">Euronews<\/a>.<\/p>\n<p>Aeroporturi \u0219i companii afectate de grev\u0103<\/p>\n<p>La noua dat\u0103 stabilit\u0103, personalul companiei na\u021bionale ITA Airways a anun\u021bat inten\u021bia de a organiza o grev\u0103 de 24 de ore, care va \u00eencepe la miezul nop\u021bii. Aceast\u0103 ac\u021biune ar putea afecta zborurile din principalele aeroporturi italiene, inclusiv:<\/p>\n<ul>\n<li>Milano Malpensa<\/li>\n<li>Milano Linate<\/li>\n<li>Roma Fiumicino<\/li>\n<li>Vene\u021bia Marco Polo<\/li>\n<li>Verona Valerio Catullo<\/li>\n<\/ul>\n<p>Sindicatele pilo\u021bilor, \u00eenso\u021bitorilor de bord \u0219i personalului de la sol s-au al\u0103turat protestului, iar angaja\u021bi ai companiilor Vueling \u0219i easyJet, precum \u0219i personalul de handling din aeroporturile Milano Linate \u0219i Malpensa, ar putea participa, de asemenea.<\/p>\n<p>Conform legisla\u021biei italiene, anumite intervale orare sunt garantate chiar \u0219i \u00een timpul grevelor, respectiv \u00eentre 07:00\u201310:00 \u0219i 18:00\u201321:00. Totu\u0219i, autorit\u0103\u021bile estimeaz\u0103 c\u0103 \u00eentre 25.000 \u0219i 27.000 de pasageri ar putea fi afecta\u021bi de aceste ac\u021biuni.<\/p>\n<p>Noi perturb\u0103ri \u00een martie \u0219i februarie<\/p>\n<p>Tensiunile din sectorul avia\u021biei nu se opresc aici. Angaja\u021bii ENAV, furnizorul na\u021bional de servicii de trafic aerian, au anun\u021bat o grev\u0103 planificat\u0103 pentru 7 martie, care ar putea influen\u021ba deplas\u0103rile \u00een timpul Jocurilor Paralimpice.<\/p>\n<p>\u00cen plus fa\u021b\u0103 de sectorul aerian, la sf\u00e2r\u0219itul lunii februarie este de a\u0219teptat o grev\u0103 \u0219i \u00een transportul feroviar. Angaja\u021bii companiei de stat Ferrovie dello Stato Italiane (FS) vor \u00eentrerupe activitatea timp de 24 de ore, \u00eencep\u00e2nd cu ora 21:00 pe 27 februarie p\u00e2n\u0103 la ora 20:59 pe 28 februarie. Aceast\u0103 grev\u0103 va afecta trenurile regionale, cele de mare vitez\u0103 Frecce \u0219i serviciile Intercity. La fel ca \u00een cazul transportului aerian, exist\u0103 intervale garantate pentru trenurile regionale: 06:00\u201309:00 \u0219i 18:00\u201321:00.<\/p>\n<p><a href=\"https:\/\/www.mediafax.ro\/social\/greva-la-nivel-national-care-afecteaza-transportul-aerian-italian-avertizarea-mae-23686715\" target=\"_blank\" rel=\"noopener\">Autorit\u0103\u021bile recomand\u0103 pasagerilor<\/a> s\u0103 monitorizeze constant informa\u021biile oferite de companiile aeriene \u0219i feroviare, s\u0103 fie con\u0219tien\u021bi de posibilele \u00eent\u00e2rzieri sau anul\u0103ri \u0219i, dac\u0103 este posibil, s\u0103 \u00ee\u0219i reprogrameze c\u0103l\u0103toriile \u00een afara zilelor de grev\u0103.<\/p>\n","protected":false},"excerpt":{"rendered":"<p>Grevele ini\u021bial planificate pentru 16 februarie ar fi generat disfunc\u021bii semnificative \u00een aeroporturile din Italia, coinciz\u00e2nd cu desf\u0103\u0219urarea Jocurilor Olimpice de Iarn\u0103. \u00cen urma acestei situa\u021bii, vicepremierul Matteo Salvini a decis s\u0103 intervin\u0103 pentru a suspenda ac\u021biunea sindical\u0103, subliniind importan\u021ba garant\u0103rii mobilit\u0103\u021bii \u00een cadrul unui \u201eeveniment de importan\u021b\u0103 global\u0103\u201d. Ca urmare a acestei interven\u021bii, greva [&hellip;]<\/p>\n","protected":false},"author":2,"featured_media":3331,"comment_status":"open","ping_status":"open","sticky":false,"template":"","format":"standard","meta":{"jnews-multi-image_gallery":[],"jnews_single_post":[],"jnews_primary_category":[],"jnews_override_counter":[],"footnotes":""},"categories":[41],"tags":[152,5427,702,5428,1547,583,3888,4082],"class_list":["post-3330","post","type-post","status-publish","format-standard","has-post-thumbnail","hentry","category-externe","tag-aeroporturi","tag-greve","tag-italia","tag-italia-airways","tag-jocuri-olimpice","tag-mobilitate","tag-sindicate","tag-zboruri"],"_links":{"self":[{"href":"https:\/\/www.newsrecorder.ro\/app\/wp-json\/wp\/v2\/posts\/3330","targetHints":{"allow":["GET"]}}],"collection":[{"href":"https:\/\/www.newsrecorder.ro\/app\/wp-json\/wp\/v2\/posts"}],"about":[{"href":"https:\/\/www.newsrecorder.ro\/app\/wp-json\/wp\/v2\/types\/post"}],"author":[{"embeddable":true,"href":"https:\/\/www.newsrecorder.ro\/app\/wp-json\/wp\/v2\/users\/2"}],"replies":[{"embeddable":true,"href":"https:\/\/www.newsrecorder.ro\/app\/wp-json\/wp\/v2\/comments?post=3330"}],"version-history":[{"count":0,"href":"https:\/\/www.newsrecorder.ro\/app\/wp-json\/wp\/v2\/posts\/3330\/revisions"}],"wp:featuredmedia":[{"embeddable":true,"href":"https:\/\/www.newsrecorder.ro\/app\/wp-json\/wp\/v2\/media\/3331"}],"wp:attachment":[{"href":"https:\/\/www.newsrecorder.ro\/app\/wp-json\/wp\/v2\/media?parent=3330"}],"wp:term":[{"taxonomy":"category","embeddable":true,"href":"https:\/\/www.newsrecorder.ro\/app\/wp-json\/wp\/v2\/categories?post=3330"},{"taxonomy":"post_tag","embeddable":true,"href":"https:\/\/www.newsrecorder.ro\/app\/wp-json\/wp\/v2\/tags?post=3330"}],"curies":[{"name":"wp","href":"https:\/\/api.w.org\/{rel}","templated":true}]}}