{"id":3334,"date":"2026-02-16T12:07:17","date_gmt":"2026-02-16T12:07:17","guid":{"rendered":"https:\/\/www.newsrecorder.ro\/app\/2026\/02\/16\/naveed-akram-suspect-in-atacul-de-pe-plaja-bondi-se-confrunta-cu-justitia\/"},"modified":"2026-02-16T12:07:17","modified_gmt":"2026-02-16T12:07:17","slug":"naveed-akram-suspect-in-atacul-de-pe-plaja-bondi-se-confrunta-cu-justitia","status":"publish","type":"post","link":"https:\/\/www.newsrecorder.ro\/app\/2026\/02\/16\/naveed-akram-suspect-in-atacul-de-pe-plaja-bondi-se-confrunta-cu-justitia\/","title":{"rendered":"Naveed Akram, suspect \u00een atacul de pe plaja Bondi, se confrunt\u0103 cu justi\u021bia"},"content":{"rendered":"<p>Atacul devastator din 14 decembrie a avut loc \u00een timpul unui eveniment de Hanuka, rezult\u00e2nd \u00een moartea a 15 persoane \u0219i r\u0103nirea a peste 40 de altele.<\/p>\n<p>T\u00e2n\u0103rul de 24 de ani, Naveed Akram, a ap\u0103rut \u00een sala de judecat\u0103 prin intermediul unei leg\u0103turi video din penitenciarul supermax din Goulburn. A fost evident afectat emo\u021bional \u0219i a r\u0103spuns pentru prima dat\u0103 dup\u0103 arest, pronun\u021b\u00e2nd un singur cuv\u00e2nt: \u201eDa\u201d. Aceast\u0103 reac\u021bie a avut loc \u00een contextul \u00eentreb\u0103rii judec\u0103torului adjunct, Sharon Freund, referitoare la prelungirea ordinelor de protec\u021bie. Aceste m\u0103suri sunt menite s\u0103 protejeze identitatea supravie\u021buitorilor atacului, oferindu-le totodat\u0103 posibilitatea de a se identifica dac\u0103 doresc, conform celor raportate de <a href=\"https:\/\/www.bbc.com\/news\/articles\/c3rzwe7lr4jo\" target=\"_blank\" rel=\"noopener\">BBC<\/a>.<\/p>\n<p>Naveed Akram se confrunt\u0103 cu un total de 59 de capete de acuzare, dintre care 15 sunt pentru crim\u0103, iar unul pentru comiterea unui atac terorist. Tat\u0103l s\u0103u, Sajid, \u00een v\u00e2rst\u0103 de 50 de ani, a fost \u00eempu\u0219cat mortal de poli\u021bie la fa\u021ba locului, \u00een timp ce Naveed a suferit r\u0103ni grave, fiind ulterior transferat \u00een custodia penitenciarului supermax.<\/p>\n<p>Documentele instan\u021bei indic\u0103 faptul c\u0103 atacul a fost \u201eplanificat meticulos\u201d pe parcursul mai multor luni. \u00cen luna octombrie, tat\u0103l \u0219i fiul au fost filma\u021bi \u00een fa\u021ba unui steag al grup\u0103rii Statul Islamic, f\u0103c\u00e2nd declara\u021bii despre motiva\u021bia atacului \u0219i condamn\u00e2nd \u201eactele sioni\u0219tilor\u201d. Alte \u00eenregistr\u0103ri video \u00eei arat\u0103 efectu\u00e2nd antrenamente cu arme de foc \u00eentr-o zon\u0103 rural\u0103 din New South Wales, exers\u00e2nd tehnici de tragere \u0219i mi\u0219c\u0103ri tactice.<\/p>\n<p>Avocatul lui Naveed Akram, Ben Archbold, a declarat pentru Australian Broadcasting Corporation c\u0103 este prea devreme pentru a determina ce pledoarie va adopta clientul s\u0103u, ad\u0103ug\u00e2nd c\u0103 acesta \u201ese descurc\u0103 c\u00e2t de bine se poate a\u0219tepta\u201d \u00een condi\u021biile dure ale \u00eenchisorii supermax.<\/p>\n<p>Urm\u0103torul termen \u00een instan\u021b\u0103 pentru Akram este programat pentru luna aprilie. Printre victimele atacului se num\u0103r\u0103 doi rabini, un supravie\u021buitor al Holocaustului \u0219i o feti\u021b\u0103 de doar 10 ani.<\/p>\n","protected":false},"excerpt":{"rendered":"<p>Atacul devastator din 14 decembrie a avut loc \u00een timpul unui eveniment de Hanuka, rezult\u00e2nd \u00een moartea a 15 persoane \u0219i r\u0103nirea a peste 40 de altele. T\u00e2n\u0103rul de 24 de ani, Naveed Akram, a ap\u0103rut \u00een sala de judecat\u0103 prin intermediul unei leg\u0103turi video din penitenciarul supermax din Goulburn. A fost evident afectat emo\u021bional [&hellip;]<\/p>\n","protected":false},"author":2,"featured_media":3335,"comment_status":"open","ping_status":"open","sticky":false,"template":"","format":"standard","meta":{"jnews-multi-image_gallery":[],"jnews_single_post":[],"jnews_primary_category":[],"jnews_override_counter":[],"footnotes":""},"categories":[41],"tags":[2188,1729,5434,5431,1359,5432,3819,5433],"class_list":["post-3334","post","type-post","status-publish","format-standard","has-post-thumbnail","hentry","category-externe","tag-atac-terorist","tag-crima","tag-goulburn","tag-hanuka","tag-judecator","tag-naveed-akram","tag-protectie","tag-supravietuitori"],"_links":{"self":[{"href":"https:\/\/www.newsrecorder.ro\/app\/wp-json\/wp\/v2\/posts\/3334","targetHints":{"allow":["GET"]}}],"collection":[{"href":"https:\/\/www.newsrecorder.ro\/app\/wp-json\/wp\/v2\/posts"}],"about":[{"href":"https:\/\/www.newsrecorder.ro\/app\/wp-json\/wp\/v2\/types\/post"}],"author":[{"embeddable":true,"href":"https:\/\/www.newsrecorder.ro\/app\/wp-json\/wp\/v2\/users\/2"}],"replies":[{"embeddable":true,"href":"https:\/\/www.newsrecorder.ro\/app\/wp-json\/wp\/v2\/comments?post=3334"}],"version-history":[{"count":0,"href":"https:\/\/www.newsrecorder.ro\/app\/wp-json\/wp\/v2\/posts\/3334\/revisions"}],"wp:featuredmedia":[{"embeddable":true,"href":"https:\/\/www.newsrecorder.ro\/app\/wp-json\/wp\/v2\/media\/3335"}],"wp:attachment":[{"href":"https:\/\/www.newsrecorder.ro\/app\/wp-json\/wp\/v2\/media?parent=3334"}],"wp:term":[{"taxonomy":"category","embeddable":true,"href":"https:\/\/www.newsrecorder.ro\/app\/wp-json\/wp\/v2\/categories?post=3334"},{"taxonomy":"post_tag","embeddable":true,"href":"https:\/\/www.newsrecorder.ro\/app\/wp-json\/wp\/v2\/tags?post=3334"}],"curies":[{"name":"wp","href":"https:\/\/api.w.org\/{rel}","templated":true}]}}