{"id":3352,"date":"2026-02-16T12:40:43","date_gmt":"2026-02-16T12:40:43","guid":{"rendered":"https:\/\/www.newsrecorder.ro\/app\/2026\/02\/16\/mii-de-oameni-la-mormantul-lui-navalnii-mama-sa-cere-justitie\/"},"modified":"2026-02-16T12:40:43","modified_gmt":"2026-02-16T12:40:43","slug":"mii-de-oameni-la-mormantul-lui-navalnii-mama-sa-cere-justitie","status":"publish","type":"post","link":"https:\/\/www.newsrecorder.ro\/app\/2026\/02\/16\/mii-de-oameni-la-mormantul-lui-navalnii-mama-sa-cere-justitie\/","title":{"rendered":"Mii de oameni la morm\u00e2ntul lui Navaln\u00eei: Mama sa cere justi\u021bie!"},"content":{"rendered":"<p>La Moscova, zeci de oameni s-au adunat pentru a-\u0219i aduce omagiile activistului anticorup\u021bie \u0219i critic al pre\u0219edintelui rus Vladimir Putin, Alexei Navaln\u00eei, conform unui raport publicat de Le Figaro. Ceremonia emo\u021bionant\u0103 a avut loc luni, la doar o zi dup\u0103 ce oficiali din cinci \u021b\u0103ri europene au anun\u021bat concluziile unei anchete care sugereaz\u0103 c\u0103 Navaln\u00eei a fost otr\u0103vit cu o toxin\u0103 rar\u0103.<\/p>\n<p>\u00cen cadrul evenimentului, mama lui Navaln\u00eei a cerut \u201edreptate\u201d pentru fiul ei, marcat\u0103 de triste\u021bea celei de-a doua anivers\u0103ri a mor\u021bii sale. \u201eAcest lucru confirm\u0103 ceea ce \u0219tiam de la \u00eenceput. \u0218tiam c\u0103 fiul nostru nu a murit pur \u0219i simplu \u00een \u00eenchisoare, ci a fost ucis. Cred c\u0103 va dura ceva timp p\u00e2n\u0103 vom afla cine este responsabil. (&#8230;) Desigur, ne dorim ca acest lucru s\u0103 se \u00eent\u00e2mple \u00een \u021bara noastr\u0103 \u0219i ca dreptatea s\u0103 prevaleze\u201d, a declarat aceasta jurnali\u0219tilor prezen\u021bi.<\/p>\n<p>\u00cen plus, mama lui Navaln\u00eei a lansat critici dure la adresa liderilor ru\u0219i. \u201eAm spus deja c\u0103 cei care au dat acest ordin sunt cunoscu\u021bi \u00een \u00eentreaga lume, \u0219i vreau s\u0103 repet acest lucru. Vrem ca to\u021bi cei care au fost implica\u021bi s\u0103 fie identifica\u021bi\u201d, a ad\u0103ugat ea, subliniind necesitatea responsabilit\u0103\u021bii \u00een aceast\u0103 tragic\u0103 situa\u021bie.<\/p>\n<p>Alexei Navaln\u00eei a decedat \u00een \u00eenchisoare pe 16 februarie 2024, la v\u00e2rsta de 47 de ani, \u00een circumstan\u021be controversate. Conform concluziilor unei anchete publicate s\u00e2mb\u0103t\u0103, Regatul Unit, Suedia, Fran\u021ba, Germania \u0219i Olanda sus\u021bin c\u0103 disidentul a fost victima unei otr\u0103viri cu o toxin\u0103 rar\u0103.<\/p>\n","protected":false},"excerpt":{"rendered":"<p>La Moscova, zeci de oameni s-au adunat pentru a-\u0219i aduce omagiile activistului anticorup\u021bie \u0219i critic al pre\u0219edintelui rus Vladimir Putin, Alexei Navaln\u00eei, conform unui raport publicat de Le Figaro. Ceremonia emo\u021bionant\u0103 a avut loc luni, la doar o zi dup\u0103 ce oficiali din cinci \u021b\u0103ri europene au anun\u021bat concluziile unei anchete care sugereaz\u0103 c\u0103 Navaln\u00eei [&hellip;]<\/p>\n","protected":false},"author":2,"featured_media":3353,"comment_status":"open","ping_status":"open","sticky":false,"template":"","format":"standard","meta":{"jnews-multi-image_gallery":[],"jnews_single_post":[],"jnews_primary_category":[],"jnews_override_counter":[],"footnotes":""},"categories":[42],"tags":[5466,595,1076,5467,5469,1034,5468,1035],"class_list":["post-3352","post","type-post","status-publish","format-standard","has-post-thumbnail","hentry","category-politica","tag-alexei-navalnii","tag-aniversare","tag-coruptie","tag-dreptate","tag-lideri-rusi","tag-moscova","tag-otravire","tag-proteste"],"_links":{"self":[{"href":"https:\/\/www.newsrecorder.ro\/app\/wp-json\/wp\/v2\/posts\/3352","targetHints":{"allow":["GET"]}}],"collection":[{"href":"https:\/\/www.newsrecorder.ro\/app\/wp-json\/wp\/v2\/posts"}],"about":[{"href":"https:\/\/www.newsrecorder.ro\/app\/wp-json\/wp\/v2\/types\/post"}],"author":[{"embeddable":true,"href":"https:\/\/www.newsrecorder.ro\/app\/wp-json\/wp\/v2\/users\/2"}],"replies":[{"embeddable":true,"href":"https:\/\/www.newsrecorder.ro\/app\/wp-json\/wp\/v2\/comments?post=3352"}],"version-history":[{"count":0,"href":"https:\/\/www.newsrecorder.ro\/app\/wp-json\/wp\/v2\/posts\/3352\/revisions"}],"wp:featuredmedia":[{"embeddable":true,"href":"https:\/\/www.newsrecorder.ro\/app\/wp-json\/wp\/v2\/media\/3353"}],"wp:attachment":[{"href":"https:\/\/www.newsrecorder.ro\/app\/wp-json\/wp\/v2\/media?parent=3352"}],"wp:term":[{"taxonomy":"category","embeddable":true,"href":"https:\/\/www.newsrecorder.ro\/app\/wp-json\/wp\/v2\/categories?post=3352"},{"taxonomy":"post_tag","embeddable":true,"href":"https:\/\/www.newsrecorder.ro\/app\/wp-json\/wp\/v2\/tags?post=3352"}],"curies":[{"name":"wp","href":"https:\/\/api.w.org\/{rel}","templated":true}]}}