{"id":3354,"date":"2026-02-16T12:40:59","date_gmt":"2026-02-16T12:40:59","guid":{"rendered":"https:\/\/www.newsrecorder.ro\/app\/2026\/02\/16\/la-multi-ani-feroviari-mesajul-ministrului-transporturilor-pentru-ziua-feroviarilor\/"},"modified":"2026-02-16T12:40:59","modified_gmt":"2026-02-16T12:40:59","slug":"la-multi-ani-feroviari-mesajul-ministrului-transporturilor-pentru-ziua-feroviarilor","status":"publish","type":"post","link":"https:\/\/www.newsrecorder.ro\/app\/2026\/02\/16\/la-multi-ani-feroviari-mesajul-ministrului-transporturilor-pentru-ziua-feroviarilor\/","title":{"rendered":"La mul\u021bi ani, feroviari! Mesajul Ministrului Transporturilor pentru Ziua Feroviarilor"},"content":{"rendered":"<p>Ministrul Transporturilor \u0219i Infrastructurii, Ciprian-Constantin \u0218erban, a transmis un mesaj important celor care \u00ee\u0219i desf\u0103\u0219oar\u0103 activitatea \u00een sistemul feroviar rom\u00e2nesc, subliniind importan\u021ba vital\u0103 pe care ace\u0219tia o au \u00een men\u021binerea func\u021bion\u0103rii economiei \u0219i \u00een conectarea comunit\u0103\u021bilor din \u00eentreaga \u021bar\u0103.<\/p>\n<p>\u201eAst\u0103zi nu este doar o dat\u0103 \u00een calendar. Ast\u0103zi este despre voi, cei care, de multe ori nev\u0103zu\u021bi \u0219i neauzi\u021bi, face\u021bi ca inima acestei \u021b\u0103ri s\u0103 continue s\u0103 bat\u0103\u201d, a afirmat ministrul \u00een mesajul s\u0103u adresat feroviarilor.<\/p>\n<p><strong>Calea ferat\u0103 \u00eenseamn\u0103, \u00eenainte de toate, oameni<\/strong> \u2013 a subliniat \u0218erban, eviden\u021biind c\u0103 profesioni\u0219tii din acest domeniu \u00ee\u0219i desf\u0103\u0219oar\u0103 activitatea \u00een condi\u021bii dificile, care variaz\u0103 de la nop\u021bi nedormite \u00een g\u0103ri izolate la interven\u021bii \u00een frigul iernii sau \u00een c\u0103ldura verii. Potrivit acestuia, sistemul feroviar a r\u0103mas func\u021bional \u00een mare parte datorit\u0103 priceperii, responsabilit\u0103\u021bii \u0219i devotamentului angaja\u021bilor s\u0103i.<\/p>\n<p>Mesajul a accentuat \u0219i dimensiunea social\u0103 a muncii feroviarilor, ace\u0219tia fiind cei care transport\u0103 studen\u021bii acas\u0103, reunesc familiile de s\u0103rb\u0103tori \u0219i contribuie la sus\u021binerea economiei na\u021bionale, \u201evagon cu vagon\u201d. Fiecare sosire \u00een siguran\u021b\u0103 la destina\u021bie este o dovad\u0103 a efortului constant \u0219i a sacrificiilor f\u0103cute de cei care lucreaz\u0103 \u00een acest sector, departe de propriile familii.<\/p>\n<p>Ministrul Transporturilor a exprimat recuno\u0219tin\u021b\u0103 pentru <strong>devotamentul neclintit<\/strong> al feroviarilor \u0219i a reafirmat angajamentul institu\u021biei de a reda demnitatea acestei profesii esen\u021biale pentru Rom\u00e2nia.<\/p>\n<p><strong>\u201eLa mul\u021bi ani, dragi feroviari!\u201d<\/strong>, a \u00eencheiat mesajul oficial, subliniind aprecierea fa\u021b\u0103 de munca depus\u0103 de ace\u0219tia.<\/p>\n","protected":false},"excerpt":{"rendered":"<p>Ministrul Transporturilor \u0219i Infrastructurii, Ciprian-Constantin \u0218erban, a transmis un mesaj important celor care \u00ee\u0219i desf\u0103\u0219oar\u0103 activitatea \u00een sistemul feroviar rom\u00e2nesc, subliniind importan\u021ba vital\u0103 pe care ace\u0219tia o au \u00een men\u021binerea func\u021bion\u0103rii economiei \u0219i \u00een conectarea comunit\u0103\u021bilor din \u00eentreaga \u021bar\u0103. \u201eAst\u0103zi nu este doar o dat\u0103 \u00een calendar. Ast\u0103zi este despre voi, cei care, de multe [&hellip;]<\/p>\n","protected":false},"author":4,"featured_media":3355,"comment_status":"open","ping_status":"open","sticky":false,"template":"","format":"standard","meta":{"jnews-multi-image_gallery":[],"jnews_single_post":[],"jnews_primary_category":[],"jnews_override_counter":[],"footnotes":""},"categories":[40],"tags":[2349,5470,5471,780,4271,460,5465,3672],"class_list":["post-3354","post","type-post","status-publish","format-standard","has-post-thumbnail","hentry","category-econonie","tag-comunitati","tag-conditii-dificile","tag-devotament","tag-economie","tag-feroviar","tag-infrastructura","tag-profesionisti","tag-transporturi"],"_links":{"self":[{"href":"https:\/\/www.newsrecorder.ro\/app\/wp-json\/wp\/v2\/posts\/3354","targetHints":{"allow":["GET"]}}],"collection":[{"href":"https:\/\/www.newsrecorder.ro\/app\/wp-json\/wp\/v2\/posts"}],"about":[{"href":"https:\/\/www.newsrecorder.ro\/app\/wp-json\/wp\/v2\/types\/post"}],"author":[{"embeddable":true,"href":"https:\/\/www.newsrecorder.ro\/app\/wp-json\/wp\/v2\/users\/4"}],"replies":[{"embeddable":true,"href":"https:\/\/www.newsrecorder.ro\/app\/wp-json\/wp\/v2\/comments?post=3354"}],"version-history":[{"count":0,"href":"https:\/\/www.newsrecorder.ro\/app\/wp-json\/wp\/v2\/posts\/3354\/revisions"}],"wp:featuredmedia":[{"embeddable":true,"href":"https:\/\/www.newsrecorder.ro\/app\/wp-json\/wp\/v2\/media\/3355"}],"wp:attachment":[{"href":"https:\/\/www.newsrecorder.ro\/app\/wp-json\/wp\/v2\/media?parent=3354"}],"wp:term":[{"taxonomy":"category","embeddable":true,"href":"https:\/\/www.newsrecorder.ro\/app\/wp-json\/wp\/v2\/categories?post=3354"},{"taxonomy":"post_tag","embeddable":true,"href":"https:\/\/www.newsrecorder.ro\/app\/wp-json\/wp\/v2\/tags?post=3354"}],"curies":[{"name":"wp","href":"https:\/\/api.w.org\/{rel}","templated":true}]}}