{"id":3366,"date":"2026-02-16T12:43:36","date_gmt":"2026-02-16T12:43:36","guid":{"rendered":"https:\/\/www.newsrecorder.ro\/app\/2026\/02\/16\/polonezii-sprijina-noul-presedinte-tensiuni-intre-nawrocki-si-tusk\/"},"modified":"2026-02-16T12:43:36","modified_gmt":"2026-02-16T12:43:36","slug":"polonezii-sprijina-noul-presedinte-tensiuni-intre-nawrocki-si-tusk","status":"publish","type":"post","link":"https:\/\/www.newsrecorder.ro\/app\/2026\/02\/16\/polonezii-sprijina-noul-presedinte-tensiuni-intre-nawrocki-si-tusk\/","title":{"rendered":"Polonezii sprijin\u0103 noul pre\u0219edinte: Tensiuni \u00eentre Nawrocki \u0219i Tusk"},"content":{"rendered":"<p id=\"caption-attachment-23687630\" class=\"wp-caption-text\">Foto Facebook Karol Nawrocki<\/p>\n<p class=\"p1\">Un <strong><a style=\"color: #ff0000\" href=\"https:\/\/wydarzenia.interia.pl\/kraj\/news-zapytali-polakow-o-prezydenta-wyniki-sondazu-nie-pozostawiaj,nId,22600750\">sondaj recent publicat \u00een presa polonez\u0103<\/a><\/strong> relev\u0103 c\u0103 44,4% dintre polonezi sunt mul\u021bumi\u021bi de activitatea pre\u0219edintelui Karol Nawrocki p\u00e2n\u0103 \u00een prezent. \u00cen contrast, 41,6% dintre responden\u021bi nu \u00eemp\u0103rt\u0103\u0219esc aceea\u0219i opinie. De altfel, mai mult de jum\u0103tate dintre cei intervieva\u021bi au men\u021bionat c\u0103 pre\u0219edintele a reu\u0219it s\u0103 \u00ee\u0219i \u00eendeplineasc\u0103 unele dintre promisiunile f\u0103cute \u00een campania electoral\u0103.<\/p>\n<p class=\"p1\">Sondajul, realizat de SW Research pentru portalul Zero, a prezentat urm\u0103toarele rezultate:<\/p>\n<ul class=\"ul1\">\n<li class=\"li1\">44,4% dintre polonezi se declar\u0103 mul\u021bumi\u021bi de pre\u0219edin\u021bia lui Karol Nawrocki, \u00een timp ce 41,6% nu sunt de acord cu aceast\u0103 evaluare.<\/li>\n<li class=\"li1\">53% dintre responden\u021bi consider\u0103 c\u0103 Nawrocki a \u00eendeplinit par\u021bial promisiunile electorale din 2025, \u00een timp ce 31% afirm\u0103 c\u0103 nu le-a respectat pe toate.<\/li>\n<li class=\"li1\">\u00centr-un alt sondaj care a evaluat cei mai buni pre\u0219edin\u021bi polonezi de dup\u0103 1989, Nawrocki a ob\u021binut locul al doilea, fiind dep\u0103\u0219it de Aleksander Kwa\u015bniewski.<\/li>\n<\/ul>\n<p id=\"caption-attachment-23687631\" class=\"wp-caption-text\">Foto Facebook Karol Nawrocki<\/p>\n<p class=\"p1\">Un alt sondaj realizat de UCE Research pentru Onet \u00een prima jum\u0103tate a lunii februarie a ar\u0103tat c\u0103 peste 25% dintre responden\u021bi \u00eel consider\u0103 pe Karol Nawrocki drept cel mai bun pre\u0219edinte polonez de la 1989 \u00eencoace.<\/p>\n<p class=\"p1\">Actualul pre\u0219edinte a fost dep\u0103\u0219it doar de <a href=\"https:\/\/wydarzenia.interia.pl\/tematy-aleksander-kwasniewski,gsbi,1492\">Aleksander Kwa\u015bniewski<\/a>, care a ob\u021binut 29,6% din voturi. Pe locul trei se afl\u0103 <a href=\"https:\/\/wydarzenia.interia.pl\/tematy-andrzej-duda,gsbi,5\">Andrzej Duda<\/a>, cu 12,4%.<\/p>\n<p class=\"p1\">Urm\u0103torii \u00een clasament sunt <a href=\"https:\/\/wydarzenia.interia.pl\/tematy-lech-kaczynski,gsbi,246\">Lech Kaczy\u0144ski<\/a> (8,9%) \u0219i <a href=\"https:\/\/wydarzenia.interia.pl\/tematy-lech-walesa,gsbi,1499\">Lech Wa\u0142\u0119sa<\/a> (5,4%).<\/p>\n<p class=\"p1\">Cel mai slab cotat pre\u0219edinte al celei de-a Treia Republici Polone, conform sondajului, a fost <a href=\"https:\/\/wydarzenia.interia.pl\/tematy-bronislaw-komorowski,gsbi,1500\">Bronis\u0142aw Komorowski<\/a>, cu doar 4% apreciere.<\/p>\n<p id=\"caption-attachment-23687632\" class=\"wp-caption-text\">Foto Facebook Donald Tusk<\/p>\n<p class=\"p1\"><strong>\u00centr-un interviu recent<\/strong>, pre\u0219edintele Karol Nawrocki a sugerat c\u0103 nu a luat \u00eenc\u0103 o decizie \u00een leg\u0103tur\u0103 cu participarea sa la prima reuniune a Consiliului pentru Pace, organizat\u0103 de Donald Tusk. Nawrocki a men\u021bionat c\u0103 a\u0219teapt\u0103 o clarificare din partea guvernului Tusk, care, de\u0219i manifest\u0103 scepticism fa\u021b\u0103 de noul format, nu dore\u0219te s\u0103 resping\u0103 oficial participarea printr-o rezolu\u021bie.<\/p>\n<p class=\"p1\">Presa din Polonia subliniaz\u0103 c\u0103 \u201epre\u0219edintele Rom\u00e2niei va c\u0103l\u0103tori la Washington \u00een calitate de observator. Liderul polonez ar putea c\u0103l\u0103tori \u00een acelea\u0219i condi\u021bii\u201d.<\/p>\n<p class=\"p1\">Conform lui Nawrocki, Polonia, \u00een calitate de lider regional \u00een Europa Central\u0103 \u0219i de Est, ar trebui s\u0103 fie parte din noul format. Totu\u0219i, el a precizat c\u0103 decizia final\u0103 apar\u021bine guvernului.<\/p>\n<p class=\"p1\">\u201ePrim-ministrul \u0219i guvernul adopt\u0103 o atitudine ambivalent\u0103 fa\u021b\u0103 de Consiliul pentru Pace. Spun c\u0103 nu vom participa, dar nu doresc s\u0103 adopte o rezolu\u021bie \u00een acest sens\u201d, a afirmat pre\u0219edintele Nawrocki.<\/p>\n<p class=\"p1\">Donald Tusk a declarat verbal c\u0103 Polonia nu va adera la noul format, dar i-a l\u0103sat lui Nawrocki libertatea de a decide \u00een privin\u021ba particip\u0103rii la Consiliul pentru Pace:<\/p>\n<p class=\"p1\">\u201eDac\u0103 pre\u0219edintele decide s\u0103 participe la \u00eent\u00e2lnirea din Statele Unite din 19 februarie \u00een calitate de observator, va primi cu siguran\u021b\u0103 informa\u021bii detaliate din partea guvernului despre modul de procedare\u201d, a declarat Tusk.<\/p>\n<p class=\"p1\">\u201e\u00cen ceea ce prive\u0219te sistemul politic \u0219i constitu\u021bia, prim-ministrul este responsabil pentru luarea unei decizii. Prim-ministrul nu-mi spune unde pot zbura. Domnule redactor, ce fel de cuvinte sunt acestea? Prim-ministrul poate spune fiului s\u0103u unde poate zbura sau nepoatelor sale. Dar nu va dicta pre\u0219edintelui Poloniei unde poate zbura. Pot zbura oriunde doresc. Totu\u0219i, \u00een ceea ce prive\u0219te sistemul politic \u0219i constitu\u021bia, prim-ministrul este cel care trebuie s\u0103 decid\u0103 dac\u0103 Polonia dore\u0219te sau nu s\u0103 se al\u0103ture Consiliului pentru Pace. Eu voi lua decizia final\u0103\u201d, a ad\u0103ugat Nawrocki.<\/p>\n<p class=\"p1\">\u00cen urma acestor declara\u021bii, premierul Donald Tusk a reac\u021bionat: \u201eDomnule pre\u0219edinte, \u00een\u021beleg frica, \u00een\u021beleg nervozitatea, dar v\u0103 rog s\u0103 sta\u021bi departe de nepoatele mele\u201d.<\/p>\n","protected":false},"excerpt":{"rendered":"<p>Foto Facebook Karol Nawrocki Un sondaj recent publicat \u00een presa polonez\u0103 relev\u0103 c\u0103 44,4% dintre polonezi sunt mul\u021bumi\u021bi de activitatea pre\u0219edintelui Karol Nawrocki p\u00e2n\u0103 \u00een prezent. \u00cen contrast, 41,6% dintre responden\u021bi nu \u00eemp\u0103rt\u0103\u0219esc aceea\u0219i opinie. De altfel, mai mult de jum\u0103tate dintre cei intervieva\u021bi au men\u021bionat c\u0103 pre\u0219edintele a reu\u0219it s\u0103 \u00ee\u0219i \u00eendeplineasc\u0103 unele dintre [&hellip;]<\/p>\n","protected":false},"author":2,"featured_media":3367,"comment_status":"open","ping_status":"open","sticky":false,"template":"","format":"standard","meta":{"jnews-multi-image_gallery":[],"jnews_single_post":[],"jnews_primary_category":[],"jnews_override_counter":[],"footnotes":""},"categories":[39],"tags":[5484,5481,5328,5480,5479,5478,5482,5483],"class_list":["post-3366","post","type-post","status-publish","format-standard","has-post-thumbnail","hentry","category-stirile-zilei","tag-alegeri-2025","tag-evaluare-presedinte","tag-karol-nawrocki","tag-promisiuni-electorale","tag-satisfactie-presedinte","tag-sondaj-polonia","tag-sw-research","tag-zero"],"_links":{"self":[{"href":"https:\/\/www.newsrecorder.ro\/app\/wp-json\/wp\/v2\/posts\/3366","targetHints":{"allow":["GET"]}}],"collection":[{"href":"https:\/\/www.newsrecorder.ro\/app\/wp-json\/wp\/v2\/posts"}],"about":[{"href":"https:\/\/www.newsrecorder.ro\/app\/wp-json\/wp\/v2\/types\/post"}],"author":[{"embeddable":true,"href":"https:\/\/www.newsrecorder.ro\/app\/wp-json\/wp\/v2\/users\/2"}],"replies":[{"embeddable":true,"href":"https:\/\/www.newsrecorder.ro\/app\/wp-json\/wp\/v2\/comments?post=3366"}],"version-history":[{"count":0,"href":"https:\/\/www.newsrecorder.ro\/app\/wp-json\/wp\/v2\/posts\/3366\/revisions"}],"wp:featuredmedia":[{"embeddable":true,"href":"https:\/\/www.newsrecorder.ro\/app\/wp-json\/wp\/v2\/media\/3367"}],"wp:attachment":[{"href":"https:\/\/www.newsrecorder.ro\/app\/wp-json\/wp\/v2\/media?parent=3366"}],"wp:term":[{"taxonomy":"category","embeddable":true,"href":"https:\/\/www.newsrecorder.ro\/app\/wp-json\/wp\/v2\/categories?post=3366"},{"taxonomy":"post_tag","embeddable":true,"href":"https:\/\/www.newsrecorder.ro\/app\/wp-json\/wp\/v2\/tags?post=3366"}],"curies":[{"name":"wp","href":"https:\/\/api.w.org\/{rel}","templated":true}]}}