{"id":3386,"date":"2026-02-16T19:13:41","date_gmt":"2026-02-16T19:13:41","guid":{"rendered":"https:\/\/www.newsrecorder.ro\/app\/2026\/02\/16\/vremea-in-martie-ce-ne-asteapta-in-urmatoarele-patru-saptamani-4\/"},"modified":"2026-02-16T19:13:41","modified_gmt":"2026-02-16T19:13:41","slug":"vremea-in-martie-ce-ne-asteapta-in-urmatoarele-patru-saptamani-4","status":"publish","type":"post","link":"https:\/\/www.newsrecorder.ro\/app\/2026\/02\/16\/vremea-in-martie-ce-ne-asteapta-in-urmatoarele-patru-saptamani-4\/","title":{"rendered":"Vremea \u00een martie: Ce ne a\u0219teapt\u0103 \u00een urm\u0103toarele patru s\u0103pt\u0103m\u00e2ni!"},"content":{"rendered":"<p>S\u0103pt\u0103m\u00e2na 9-16 februarie 2026 se anun\u021b\u0103 cu temperaturi mai ridicate dec\u00e2t cele obi\u0219nuite pentru acest interval \u00een \u00eentreaga \u021bar\u0103. Abaterea termic\u0103 pozitiv\u0103 va fi mai pronun\u021bat\u0103 \u00een regiunile intracarpatice. De asemenea, conform Agen\u021biei Na\u021bionale de Meteorologie (ANM), se estimeaz\u0103 c\u0103 precipita\u021biile vor fi excedentare \u00een zonele sudice ale Rom\u00e2niei. \u00cen restul \u021b\u0103rii, regimul pluviometric va fi similar cu cel normal pentru aceast\u0103 perioad\u0103.<\/p>\n<p>\u00cen s\u0103pt\u0103m\u00e2na 16-23 februarie 2026, temperaturile medii se vor men\u021bine \u00een jurul valorilor normale pentru acest interval, la nivel na\u021bional. Tot \u00een aceast\u0103 perioad\u0103, cantit\u0103\u021bile de precipita\u021bii estimate vor prezenta o tendin\u021b\u0103 u\u0219or excedentar\u0103 \u00een toate regiunile.<\/p>\n<p>\u00centre 23 februarie \u0219i 2 martie, meteorologii prognozeaz\u0103 temperaturi medii apropiate de cele normale pentru aceast\u0103 perioad\u0103, \u00een \u00eentreaga \u021bar\u0103. Regimul pluviometric va r\u0103m\u00e2ne, de asemenea, \u00een limitele normale, conform informa\u021biilor furnizate de meteorologi.<\/p>\n<p>\u00cen s\u0103pt\u0103m\u00e2na 2-9 martie, se preconizeaz\u0103 c\u0103 mediile temperaturilor vor fi conforme cu valorile specifice pentru aceast\u0103 s\u0103pt\u0103m\u00e2n\u0103, pe tot teritoriul Rom\u00e2niei. \u00cen plus, cantit\u0103\u021bile de precipita\u021bii vor fi, de asemenea, apropiate de normalul pentru aceast\u0103 perioad\u0103, asigur\u00e2nd astfel un echilibru climatic \u00een \u021bar\u0103.<\/p>\n","protected":false},"excerpt":{"rendered":"<p>S\u0103pt\u0103m\u00e2na 9-16 februarie 2026 se anun\u021b\u0103 cu temperaturi mai ridicate dec\u00e2t cele obi\u0219nuite pentru acest interval \u00een \u00eentreaga \u021bar\u0103. Abaterea termic\u0103 pozitiv\u0103 va fi mai pronun\u021bat\u0103 \u00een regiunile intracarpatice. De asemenea, conform Agen\u021biei Na\u021bionale de Meteorologie (ANM), se estimeaz\u0103 c\u0103 precipita\u021biile vor fi excedentare \u00een zonele sudice ale Rom\u00e2niei. \u00cen restul \u021b\u0103rii, regimul pluviometric va [&hellip;]<\/p>\n","protected":false},"author":5,"featured_media":3387,"comment_status":"open","ping_status":"open","sticky":false,"template":"","format":"standard","meta":{"jnews-multi-image_gallery":[],"jnews_single_post":[],"jnews_primary_category":[],"jnews_override_counter":[],"footnotes":""},"categories":[45],"tags":[5082,4328,5508,3042,141,1812,3722,737],"class_list":["post-3386","post","type-post","status-publish","format-standard","has-post-thumbnail","hentry","category-meteo","tag-agentia-nationala-de-meteorologie","tag-februarie-2026","tag-limite-normale","tag-precipitatii-excedentare","tag-prognoza-meteo","tag-regimul-pluviometric","tag-regiuni-intracarpatice","tag-temperaturi-ridicate"],"_links":{"self":[{"href":"https:\/\/www.newsrecorder.ro\/app\/wp-json\/wp\/v2\/posts\/3386","targetHints":{"allow":["GET"]}}],"collection":[{"href":"https:\/\/www.newsrecorder.ro\/app\/wp-json\/wp\/v2\/posts"}],"about":[{"href":"https:\/\/www.newsrecorder.ro\/app\/wp-json\/wp\/v2\/types\/post"}],"author":[{"embeddable":true,"href":"https:\/\/www.newsrecorder.ro\/app\/wp-json\/wp\/v2\/users\/5"}],"replies":[{"embeddable":true,"href":"https:\/\/www.newsrecorder.ro\/app\/wp-json\/wp\/v2\/comments?post=3386"}],"version-history":[{"count":0,"href":"https:\/\/www.newsrecorder.ro\/app\/wp-json\/wp\/v2\/posts\/3386\/revisions"}],"wp:featuredmedia":[{"embeddable":true,"href":"https:\/\/www.newsrecorder.ro\/app\/wp-json\/wp\/v2\/media\/3387"}],"wp:attachment":[{"href":"https:\/\/www.newsrecorder.ro\/app\/wp-json\/wp\/v2\/media?parent=3386"}],"wp:term":[{"taxonomy":"category","embeddable":true,"href":"https:\/\/www.newsrecorder.ro\/app\/wp-json\/wp\/v2\/categories?post=3386"},{"taxonomy":"post_tag","embeddable":true,"href":"https:\/\/www.newsrecorder.ro\/app\/wp-json\/wp\/v2\/tags?post=3386"}],"curies":[{"name":"wp","href":"https:\/\/api.w.org\/{rel}","templated":true}]}}