{"id":3388,"date":"2026-02-16T19:14:01","date_gmt":"2026-02-16T19:14:01","guid":{"rendered":"https:\/\/www.newsrecorder.ro\/app\/2026\/02\/16\/avertizari-meteo-ploi-vant-si-ninsori-viscolite-detalii-pe-harta\/"},"modified":"2026-02-16T19:14:01","modified_gmt":"2026-02-16T19:14:01","slug":"avertizari-meteo-ploi-vant-si-ninsori-viscolite-detalii-pe-harta","status":"publish","type":"post","link":"https:\/\/www.newsrecorder.ro\/app\/2026\/02\/16\/avertizari-meteo-ploi-vant-si-ninsori-viscolite-detalii-pe-harta\/","title":{"rendered":"Avertiz\u0103ri meteo: Ploi, v\u00e2nt \u0219i ninsori viscolite &#8211; Detalii pe hart\u0103!"},"content":{"rendered":"<p>\u00cen perioada 5 februarie, ora 10:00 \u2013 6 februarie, ora 10:00, este activ\u0103 o informare meteorologic\u0103 ce anun\u021b\u0103 precipita\u021bii moderate \u0219i intensific\u0103ri ale v\u00e2ntului \u00een \u00eentreaga \u021bar\u0103.<\/p>\n<p>Conform prognozelor, precipita\u021biile vor afecta majoritatea regiunilor din Rom\u00e2nia. \u00cen special \u00een Moldova \u0219i estul Transilvaniei, \u00een noaptea de joi spre vineri, se a\u0219teapt\u0103 lapovi\u021b\u0103 \u0219i ninsoare, iar condi\u021biile de polei vor persista. \u00cen zonele montane, la altitudini de peste 1500 de metri, ninsoarea va fi predominant\u0103. \u00cen sudul \u0219i estul \u021b\u0103rii, cantit\u0103\u021bile de ap\u0103 vor varia \u00eentre 10 \u0219i 20 l\/mp, iar \u00een nord-estul Munteniei \u0219i sudul Moldovei se vor acumula valori mai mari, de peste 25 p\u00e2n\u0103 la 35 l\/mp.<\/p>\n<p>Intensific\u0103ri ale v\u00e2ntului se vor face sim\u021bite \u00een regiunile sud-vestice \u0219i estice, precum \u0219i \u00een alte zone restr\u00e2nse, cu viteze medii de 40 p\u00e2n\u0103 la 50 km\/h. Pe crestele montane, rafalele vor dep\u0103\u0219i pragul de 80 p\u00e2n\u0103 la 90 km\/h, ceea ce va complica \u0219i mai mult condi\u021biile meteorologice.<\/p>\n<p><strong>Cod galben de precipita\u021bii \u0219i v\u00e2nt puternic<\/strong><\/p>\n<p>Meteorologii au emis dou\u0103 avertiz\u0103ri de tip Cod galben. Prima dintre acestea, valabil\u0103 \u00eentre 5 februarie, ora 10:00 \u2013 6 februarie, ora 10:00, anun\u021b\u0103 precipita\u021bii semnificative, ninsori viscolite \u00een zonele montane \u0219i acumul\u0103ri de z\u0103pad\u0103.<\/p>\n<p>Conform informa\u021biilor furnizate de ANM, \u201e\u00een jude\u021bele Prahova, Buz\u0103u \u0219i Vrancea se vor \u00eenregistra ploi cu acumul\u0103ri de 25 p\u00e2n\u0103 la 35 l\/mp, \u0219i izolat, chiar peste 40 p\u00e2n\u0103 la 50 l\/mp. \u00cen regiunile montane din jude\u021bele Arge\u0219, D\u00e2mbovi\u021ba, Prahova, Buz\u0103u, Vrancea, Bra\u0219ov \u0219i Covasna, la altitudini de peste 1500 m, precipita\u021biile vor fi \u00een principal sub form\u0103 de ninsoare, cu un strat nou de z\u0103pad\u0103 acumulat \u00eentre 15 \u0219i 30 cm (echivalentul a 20 p\u00e2n\u0103 la 30 l\/mp). De asemenea, v\u00e2ntul va avea intensific\u0103ri temporare, cu rafale de 90 p\u00e2n\u0103 la 100 km\/h, viscolind ninsoarea \u0219i reduc\u00e2nd vizibilitatea sub 100 m.\u201d<\/p>\n<p>Cea de-a doua avertizare Cod galben se refer\u0103 la v\u00e2ntul puternic \u0219i este valabil\u0103 pe 5 februarie, \u00eentre orele 10:00 \u0219i 20:00. Aceasta vizeaz\u0103 jude\u021bul Cara\u0219-Severin \u0219i, local, jude\u021bul Timi\u0219. \u00cen aceste zone, se preconizeaz\u0103 intensific\u0103ri ale v\u00e2ntului cu viteze de 50 p\u00e2n\u0103 la 70 km\/h, iar \u00een Mun\u021bii Banatului \u0219i \u00een zonele \u00eenalte din vestul Carpa\u021bilor Meridionali, rafalele vor atinge valori de 90 p\u00e2n\u0103 la 100 km\/h, viscolind z\u0103pada deja depus\u0103, conform ANM.<\/p>\n","protected":false},"excerpt":{"rendered":"<p>\u00cen perioada 5 februarie, ora 10:00 \u2013 6 februarie, ora 10:00, este activ\u0103 o informare meteorologic\u0103 ce anun\u021b\u0103 precipita\u021bii moderate \u0219i intensific\u0103ri ale v\u00e2ntului \u00een \u00eentreaga \u021bar\u0103. Conform prognozelor, precipita\u021biile vor afecta majoritatea regiunilor din Rom\u00e2nia. \u00cen special \u00een Moldova \u0219i estul Transilvaniei, \u00een noaptea de joi spre vineri, se a\u0219teapt\u0103 lapovi\u021b\u0103 \u0219i ninsoare, iar [&hellip;]<\/p>\n","protected":false},"author":5,"featured_media":3389,"comment_status":"open","ping_status":"open","sticky":false,"template":"","format":"standard","meta":{"jnews-multi-image_gallery":[],"jnews_single_post":[],"jnews_primary_category":[],"jnews_override_counter":[],"footnotes":""},"categories":[45],"tags":[4028,871,743,136,135,149,263,137],"class_list":["post-3388","post","type-post","status-publish","format-standard","has-post-thumbnail","hentry","category-meteo","tag-informare-meteorologica","tag-moldova","tag-ninsoare","tag-polei","tag-precipitatii","tag-romania","tag-transilvania","tag-vant"],"_links":{"self":[{"href":"https:\/\/www.newsrecorder.ro\/app\/wp-json\/wp\/v2\/posts\/3388","targetHints":{"allow":["GET"]}}],"collection":[{"href":"https:\/\/www.newsrecorder.ro\/app\/wp-json\/wp\/v2\/posts"}],"about":[{"href":"https:\/\/www.newsrecorder.ro\/app\/wp-json\/wp\/v2\/types\/post"}],"author":[{"embeddable":true,"href":"https:\/\/www.newsrecorder.ro\/app\/wp-json\/wp\/v2\/users\/5"}],"replies":[{"embeddable":true,"href":"https:\/\/www.newsrecorder.ro\/app\/wp-json\/wp\/v2\/comments?post=3388"}],"version-history":[{"count":0,"href":"https:\/\/www.newsrecorder.ro\/app\/wp-json\/wp\/v2\/posts\/3388\/revisions"}],"wp:featuredmedia":[{"embeddable":true,"href":"https:\/\/www.newsrecorder.ro\/app\/wp-json\/wp\/v2\/media\/3389"}],"wp:attachment":[{"href":"https:\/\/www.newsrecorder.ro\/app\/wp-json\/wp\/v2\/media?parent=3388"}],"wp:term":[{"taxonomy":"category","embeddable":true,"href":"https:\/\/www.newsrecorder.ro\/app\/wp-json\/wp\/v2\/categories?post=3388"},{"taxonomy":"post_tag","embeddable":true,"href":"https:\/\/www.newsrecorder.ro\/app\/wp-json\/wp\/v2\/tags?post=3388"}],"curies":[{"name":"wp","href":"https:\/\/api.w.org\/{rel}","templated":true}]}}