{"id":3400,"date":"2026-02-16T19:37:32","date_gmt":"2026-02-16T19:37:32","guid":{"rendered":"https:\/\/www.newsrecorder.ro\/app\/2026\/02\/16\/avertizare-hidrologica-rauri-in-pericol-de-depasire-a-cotelor-5\/"},"modified":"2026-02-16T19:37:32","modified_gmt":"2026-02-16T19:37:32","slug":"avertizare-hidrologica-rauri-in-pericol-de-depasire-a-cotelor-5","status":"publish","type":"post","link":"https:\/\/www.newsrecorder.ro\/app\/2026\/02\/16\/avertizare-hidrologica-rauri-in-pericol-de-depasire-a-cotelor-5\/","title":{"rendered":"Avertizare hidrologic\u0103: R\u00e2uri \u00een pericol de dep\u0103\u0219ire a cotelor!"},"content":{"rendered":"<p>\u00cen contextul fenomenelor meteorologice extreme, Inspectoratul pentru Situa\u021bii de Urgen\u021b\u0103 Buz\u0103u a efectuat un num\u0103r impresionant de 21 de misiuni pentru evacuarea apei din diverse gospod\u0103rii, locuin\u021be \u0219i unit\u0103\u021bi economice. Aceste interven\u021bii s-au desf\u0103\u0219urat \u00een municipiile Buz\u0103u \u0219i R\u00e2mnicu S\u0103rat, dar \u0219i \u00een localit\u0103\u021bile Tis\u0103u, Istri\u021ba de Jos (comuna S\u0103h\u0103teni), Coste\u0219ti, Vipere\u0219ti, Afuma\u021bi (comuna P\u00e2rscov), Topliceni, Podgoria, Lipia (comuna Merei), S\u0103tuc (comuna Berca) \u0219i Buda (comuna Buda).<\/p>\n<p>\u00cen prezent, echipele de interven\u021bie sunt concentrate pe evacuarea apei din zonele afectate de pe \u0218oseaua Sp\u0103tarului \u00een municipiul Buz\u0103u, precum \u0219i \u00een comuna Verne\u0219ti \u0219i localitatea S\u0103tuc, comuna Berca. \u00cen localitatea Mierea, accesul c\u0103tre cele 25 de locuin\u021be este posibil doar cu autoturisme.<\/p>\n<p>De asemenea, pompierii buzoieni au fost solicita\u021bi pentru interven\u021bii suplimentare \u00een mai multe loca\u021bii. Printre acestea se num\u0103r\u0103:<\/p>\n<ul>\n<li>Municipiul Buz\u0103u, depozit en-gros, sos. Br\u0103ilei;<\/li>\n<li>Municipiul Buz\u0103u, locuin\u021b\u0103, str. Prim\u0103verii;<\/li>\n<li>Localitatea S\u0103tuc, comuna Berca, locuin\u021b\u0103;<\/li>\n<li>Localitatea Buda, comuna Buda, locuin\u021b\u0103.<\/li>\n<\/ul>\n<p>Ac\u021biunile \u00eentreprinse vizeaz\u0103 \u00eenl\u0103turarea efectelor negative generate de inunda\u021bii.<\/p>\n<p>Pe de alt\u0103 parte, avertiz\u0103rile emise de hidrologi indic\u0103 riscuri semnificative de scurgeri pe versan\u021bi, toren\u021bi \u0219i p\u00e2raie, cu viituri rapide pe r\u00e2urile mici, ceea ce ar putea duce la inunda\u021bii locale \u0219i cre\u0219teri de debite \u0219i niveluri pe anumite cursuri de ap\u0103. Speciali\u0219tii din cadrul Apelor Rom\u00e2ne au actualizat Avertizarea Hidrologic\u0103 nr. 12 din 05.02.2026, lu\u00e2nd \u00een considerare prognoza meteorologic\u0103 pentru urm\u0103toarele 24 de ore.<\/p>\n<p>Astfel, a fost emis un <strong>cod galben<\/strong> valabil \u00een intervalul 06.02.2026 ora 12:00 \u2013 07.02.2026 ora 12:00 pentru r\u00e2urile din bazinele hidrografice, inclusiv r\u00e2ul Teleajen, Cricovul S\u0103rat, S\u0103rata, C\u0103lm\u0103\u0163ui \u0219i Ni\u015fcov. De asemenea, r\u00e2ul Buz\u0103u pe sectorul aval confluen\u021b\u0103 cu Ni\u015fcov \u0219i R\u00e2mnicu S\u0103rat se afl\u0103 sub observa\u021bie.<\/p>\n<p>\u00cen perioada 06.02.2026 ora 12:00 \u2013 06.02.2026 ora 18:00, se va aplica un <strong>cod portocaliu<\/strong> pentru r\u00e2urile Teleajen \u0219i Ni\u015fcov. Avertiz\u0103rile hidrologice din celelalte bazine hidrografice vor fi ridicate \u00eencep\u00e2nd cu data de 06.02.2026 ora 12:00, \u00eens\u0103 speciali\u0219tii subliniaz\u0103 c\u0103 fenomenele hidrologice poten\u021bial periculoase r\u0103m\u00e2n o preocupare, put\u00e2nd ap\u0103rea \u0219i pe afluen\u021bi de grad inferior ai r\u00e2urilor men\u021bionate, precum \u0219i pe cursurile de ap\u0103 ne\u00eenregistrate \u00een bazinele hidrografice afectate.<\/p>\n","protected":false},"excerpt":{"rendered":"<p>\u00cen contextul fenomenelor meteorologice extreme, Inspectoratul pentru Situa\u021bii de Urgen\u021b\u0103 Buz\u0103u a efectuat un num\u0103r impresionant de 21 de misiuni pentru evacuarea apei din diverse gospod\u0103rii, locuin\u021be \u0219i unit\u0103\u021bi economice. Aceste interven\u021bii s-au desf\u0103\u0219urat \u00een municipiile Buz\u0103u \u0219i R\u00e2mnicu S\u0103rat, dar \u0219i \u00een localit\u0103\u021bile Tis\u0103u, Istri\u021ba de Jos (comuna S\u0103h\u0103teni), Coste\u0219ti, Vipere\u0219ti, Afuma\u021bi (comuna P\u00e2rscov), [&hellip;]<\/p>\n","protected":false},"author":5,"featured_media":3401,"comment_status":"open","ping_status":"open","sticky":false,"template":"","format":"standard","meta":{"jnews-multi-image_gallery":[],"jnews_single_post":[],"jnews_primary_category":[],"jnews_override_counter":[],"footnotes":""},"categories":[45],"tags":[3040,3036,4323,1941,4325,4327,3037,4852],"class_list":["post-3400","post","type-post","status-publish","format-standard","has-post-thumbnail","hentry","category-meteo","tag-buzau","tag-evacuare-apa","tag-fenomene-meteorologice-extreme","tag-gospodarii","tag-inspectoratul-pentru-situatii-de-urgenta","tag-interventii-pompieri","tag-localitati-afectate","tag-misiuni"],"_links":{"self":[{"href":"https:\/\/www.newsrecorder.ro\/app\/wp-json\/wp\/v2\/posts\/3400","targetHints":{"allow":["GET"]}}],"collection":[{"href":"https:\/\/www.newsrecorder.ro\/app\/wp-json\/wp\/v2\/posts"}],"about":[{"href":"https:\/\/www.newsrecorder.ro\/app\/wp-json\/wp\/v2\/types\/post"}],"author":[{"embeddable":true,"href":"https:\/\/www.newsrecorder.ro\/app\/wp-json\/wp\/v2\/users\/5"}],"replies":[{"embeddable":true,"href":"https:\/\/www.newsrecorder.ro\/app\/wp-json\/wp\/v2\/comments?post=3400"}],"version-history":[{"count":0,"href":"https:\/\/www.newsrecorder.ro\/app\/wp-json\/wp\/v2\/posts\/3400\/revisions"}],"wp:featuredmedia":[{"embeddable":true,"href":"https:\/\/www.newsrecorder.ro\/app\/wp-json\/wp\/v2\/media\/3401"}],"wp:attachment":[{"href":"https:\/\/www.newsrecorder.ro\/app\/wp-json\/wp\/v2\/media?parent=3400"}],"wp:term":[{"taxonomy":"category","embeddable":true,"href":"https:\/\/www.newsrecorder.ro\/app\/wp-json\/wp\/v2\/categories?post=3400"},{"taxonomy":"post_tag","embeddable":true,"href":"https:\/\/www.newsrecorder.ro\/app\/wp-json\/wp\/v2\/tags?post=3400"}],"curies":[{"name":"wp","href":"https:\/\/api.w.org\/{rel}","templated":true}]}}