{"id":3416,"date":"2026-02-16T19:41:43","date_gmt":"2026-02-16T19:41:43","guid":{"rendered":"https:\/\/www.newsrecorder.ro\/app\/2026\/02\/16\/deputat-psd-romania-necesita-actiuni-urgente-pentru-locuinte-accesibile\/"},"modified":"2026-02-16T19:41:43","modified_gmt":"2026-02-16T19:41:43","slug":"deputat-psd-romania-necesita-actiuni-urgente-pentru-locuinte-accesibile","status":"publish","type":"post","link":"https:\/\/www.newsrecorder.ro\/app\/2026\/02\/16\/deputat-psd-romania-necesita-actiuni-urgente-pentru-locuinte-accesibile\/","title":{"rendered":"&#8222;Deputat PSD: Rom\u00e2nia necesit\u0103 ac\u021biuni urgente pentru locuin\u021be accesibile!&#8221;"},"content":{"rendered":"<p>\u00centr-o recent\u0103 postare pe Facebook, Adrian C\u00e2ciu a subliniat c\u0103 \u201enu mai este timp de lament\u0103ri\u201d \u0219i a subliniat c\u0103 popula\u021bia se a\u0219teapt\u0103 la m\u0103suri concrete pentru a stopa sc\u0103derea nivelului de trai \u0219i pierderea puterii de cump\u0103rare.<\/p>\n<p>Acesta a afirmat c\u0103 propaganda guvernamental\u0103 din ultimele zile reflect\u0103 o \u201efug\u0103 de responsabilitate\u201d, av\u00e2nd \u00een vedere c\u0103 efectele recesiunii sunt resim\u021bite direct de cet\u0103\u021beni.<\/p>\n<p>C\u00e2ciu a enumerat un set de m\u0103suri urgente care ar trebui implementate pentru a revitaliza economia. Printre propunerile sale se num\u0103r\u0103 un Plan de Relansare Economic\u0103, care s\u0103 includ\u0103 scheme de ajutor de stat, credite fiscale pentru investi\u021bii, garan\u021bii pentru IMM-uri \u0219i stimularea proiectelor de \u00eenalt\u0103 tehnologie. Aceste m\u0103suri ar putea genera, conform estim\u0103rilor sale, un impact economic pozitiv de aproximativ 10 miliarde de euro anual.<\/p>\n<p>\u00cen plus, fostul ministru al Finan\u021belor a propus un Pachet de Solidaritate destinat celor mai vulnerabili, care ar putea beneficia aproximativ trei milioane de persoane. Impactul bugetar al acestui pachet ar fi limitat, estimat la doar 0,16% din PIB, \u0219i ar include sprijin financiar punctual, ajutoare pentru copiii cu dizabilit\u0103\u021bi \u0219i pentru familiile monoparentale.<\/p>\n<p>Un alt aspect important subliniat de C\u00e2ciu este necesitatea adopt\u0103rii rapide a bugetului de stat, centrat pe investi\u021bii \u00een infrastructur\u0103, educa\u021bie, s\u0103n\u0103tate \u0219i dezvoltare local\u0103, corelat cu m\u0103suri de stimulare economic\u0103 \u0219i protec\u021bie social\u0103.<\/p>\n<p>De asemenea, el a subliniat necesitatea opririi scumpirilor la alimente \u0219i utilit\u0103\u021bi, prin plafonarea marjelor comerciale \u0219i stabilirea unui pre\u021b administrat la energie \u0219i gaze pentru o perioad\u0103 de un an. Aceste m\u0103suri ar putea reduce infla\u021bia \u201ela jum\u0103tate \u00een maximum \u0219ase luni\u201d, a ad\u0103ugat C\u00e2ciu.<\/p>\n<p>Referitor la sectorul construc\u021biilor, Adrian C\u00e2ciu a propus lansarea unui program na\u021bional de locuin\u021be accesibile, care ar fi finan\u021bat \u00een principal din fonduri europene, completat de cofinan\u021b\u0103ri \u0219i garan\u021bii din partea bugetului de stat. El consider\u0103 c\u0103 un astfel de program ar avea un efect de multiplicare semnificativ \u00een economie, ar crea locuri de munc\u0103 \u0219i ar r\u0103spunde unei nevoi sociale esen\u021biale: accesul la locuin\u021be pentru tineri \u0219i familii cu venituri medii \u0219i mici.<\/p>\n<p>\u201eRelansarea construc\u021biilor \u0219i a industriei nu este doar o op\u021biune economic\u0103, ci o necesitate social\u0103. Rom\u00e2nia dispune de resursele \u0219i instrumentele necesare, r\u0103m\u00e2ne doar s\u0103 existe voin\u021b\u0103 politic\u0103 \u0219i decizii rapide\u201d, a concluzionat Adrian C\u00e2ciu.<\/p>\n","protected":false},"excerpt":{"rendered":"<p>\u00centr-o recent\u0103 postare pe Facebook, Adrian C\u00e2ciu a subliniat c\u0103 \u201enu mai este timp de lament\u0103ri\u201d \u0219i a subliniat c\u0103 popula\u021bia se a\u0219teapt\u0103 la m\u0103suri concrete pentru a stopa sc\u0103derea nivelului de trai \u0219i pierderea puterii de cump\u0103rare. Acesta a afirmat c\u0103 propaganda guvernamental\u0103 din ultimele zile reflect\u0103 o \u201efug\u0103 de responsabilitate\u201d, av\u00e2nd \u00een vedere [&hellip;]<\/p>\n","protected":false},"author":4,"featured_media":3417,"comment_status":"open","ping_status":"open","sticky":false,"template":"","format":"standard","meta":{"jnews-multi-image_gallery":[],"jnews_single_post":[],"jnews_primary_category":[],"jnews_override_counter":[],"footnotes":""},"categories":[40],"tags":[2611,5523,4664,2138,2155,5203,4902,3179],"class_list":["post-3416","post","type-post","status-publish","format-standard","has-post-thumbnail","hentry","category-econonie","tag-adrian-caciu","tag-ajutor-de-stat","tag-imm-uri","tag-masuri-economice","tag-nivel-de-trai","tag-plan-de-relansare-economica","tag-putere-de-cumparare","tag-recesiune"],"_links":{"self":[{"href":"https:\/\/www.newsrecorder.ro\/app\/wp-json\/wp\/v2\/posts\/3416","targetHints":{"allow":["GET"]}}],"collection":[{"href":"https:\/\/www.newsrecorder.ro\/app\/wp-json\/wp\/v2\/posts"}],"about":[{"href":"https:\/\/www.newsrecorder.ro\/app\/wp-json\/wp\/v2\/types\/post"}],"author":[{"embeddable":true,"href":"https:\/\/www.newsrecorder.ro\/app\/wp-json\/wp\/v2\/users\/4"}],"replies":[{"embeddable":true,"href":"https:\/\/www.newsrecorder.ro\/app\/wp-json\/wp\/v2\/comments?post=3416"}],"version-history":[{"count":0,"href":"https:\/\/www.newsrecorder.ro\/app\/wp-json\/wp\/v2\/posts\/3416\/revisions"}],"wp:featuredmedia":[{"embeddable":true,"href":"https:\/\/www.newsrecorder.ro\/app\/wp-json\/wp\/v2\/media\/3417"}],"wp:attachment":[{"href":"https:\/\/www.newsrecorder.ro\/app\/wp-json\/wp\/v2\/media?parent=3416"}],"wp:term":[{"taxonomy":"category","embeddable":true,"href":"https:\/\/www.newsrecorder.ro\/app\/wp-json\/wp\/v2\/categories?post=3416"},{"taxonomy":"post_tag","embeddable":true,"href":"https:\/\/www.newsrecorder.ro\/app\/wp-json\/wp\/v2\/tags?post=3416"}],"curies":[{"name":"wp","href":"https:\/\/api.w.org\/{rel}","templated":true}]}}