{"id":3430,"date":"2026-02-16T22:43:35","date_gmt":"2026-02-16T22:43:35","guid":{"rendered":"https:\/\/www.newsrecorder.ro\/app\/2026\/02\/16\/cfr-cluj-straluceste-la-sibiu-si-prinde-loc-de-play-off\/"},"modified":"2026-02-16T22:43:35","modified_gmt":"2026-02-16T22:43:35","slug":"cfr-cluj-straluceste-la-sibiu-si-prinde-loc-de-play-off","status":"publish","type":"post","link":"https:\/\/www.newsrecorder.ro\/app\/2026\/02\/16\/cfr-cluj-straluceste-la-sibiu-si-prinde-loc-de-play-off\/","title":{"rendered":"CFR Cluj str\u0103luce\u0219te la Sibiu \u0219i prinde loc de play-off!"},"content":{"rendered":"<p>\u00centr-un meci tensionat disputat \u00eentre Hermannstadt \u0219i CFR Cluj, echipa gazd\u0103 a avut \u0219ansa de a deschide scorul, \u00eens\u0103 a ratat un penalty \u00een prima repriz\u0103. Eduard Florescu a preluat responsabilitatea execut\u0103rii loviturii de la 11 metri, dar a fost blocat de interven\u021bia excelent\u0103 a portarului Mihai Popa, care a reu\u0219it s\u0103 apere \u0219utul.<\/p>\n<p>Singurul gol al partidei a fost \u00eenscris de Lorenzo Biliboc \u00een minutul 53, aduc\u00e2nd astfel CFR Cluj \u00een avantaj. Cu toate acestea, meciul a avut \u0219i alte momente decisive. \u00cen minutul 85, David Lazar s-a remarcat printr-o parad\u0103 spectaculoas\u0103, ap\u0103r\u00e2nd un alt penalty, de aceast\u0103 dat\u0103 executat de Korenica, astfel CFR Cluj a ratat oportunitatea de a-\u0219i m\u0103ri avantajul la 2-0.<\/p>\n<p>Finalul meciului a fost marcat de o decizie controversat\u0103. Arbitrul Andrei Chivulete a dictat un penalty pentru Hermannstadt, dup\u0103 un contact \u00een careu \u00eentre juc\u0103torii Sinyan \u0219i Ciubotaru. Totu\u0219i, dup\u0103 consultarea sistemului VAR, decizia a fost anulat\u0103, l\u0103s\u00e2nd echipa gazd\u0103 f\u0103r\u0103 \u0219ansa de a egala.<\/p>\n<p>Ca urmare a acestui rezultat, CFR Cluj a acumulat 44 de puncte, urc\u00e2nd pe locul 5 \u00een clasament, cu trei etape r\u0103mase p\u00e2n\u0103 la finalul sezonului regulat. De cealalt\u0103 parte, Hermannstadt se afl\u0103 pe locul 15, cu un total de 17 puncte, continu\u00e2nd s\u0103 lupte pentru a evita retrogradarea.<\/p>\n","protected":false},"excerpt":{"rendered":"<p>\u00centr-un meci tensionat disputat \u00eentre Hermannstadt \u0219i CFR Cluj, echipa gazd\u0103 a avut \u0219ansa de a deschide scorul, \u00eens\u0103 a ratat un penalty \u00een prima repriz\u0103. Eduard Florescu a preluat responsabilitatea execut\u0103rii loviturii de la 11 metri, dar a fost blocat de interven\u021bia excelent\u0103 a portarului Mihai Popa, care a reu\u0219it s\u0103 apere \u0219utul. Singurul [&hellip;]<\/p>\n","protected":false},"author":6,"featured_media":3431,"comment_status":"open","ping_status":"open","sticky":false,"template":"","format":"standard","meta":{"jnews-multi-image_gallery":[],"jnews_single_post":[],"jnews_primary_category":[],"jnews_override_counter":[],"footnotes":""},"categories":[46],"tags":[981,3520,5534,2010,5535,1236,1112,1245],"class_list":["post-3430","post","type-post","status-publish","format-standard","has-post-thumbnail","hentry","category-sport","tag-cfr-cluj","tag-david-lazar","tag-eduard-florescu","tag-hermannstadt","tag-lorenzo-biliboc","tag-mihai-popa","tag-penalty","tag-var"],"_links":{"self":[{"href":"https:\/\/www.newsrecorder.ro\/app\/wp-json\/wp\/v2\/posts\/3430","targetHints":{"allow":["GET"]}}],"collection":[{"href":"https:\/\/www.newsrecorder.ro\/app\/wp-json\/wp\/v2\/posts"}],"about":[{"href":"https:\/\/www.newsrecorder.ro\/app\/wp-json\/wp\/v2\/types\/post"}],"author":[{"embeddable":true,"href":"https:\/\/www.newsrecorder.ro\/app\/wp-json\/wp\/v2\/users\/6"}],"replies":[{"embeddable":true,"href":"https:\/\/www.newsrecorder.ro\/app\/wp-json\/wp\/v2\/comments?post=3430"}],"version-history":[{"count":0,"href":"https:\/\/www.newsrecorder.ro\/app\/wp-json\/wp\/v2\/posts\/3430\/revisions"}],"wp:featuredmedia":[{"embeddable":true,"href":"https:\/\/www.newsrecorder.ro\/app\/wp-json\/wp\/v2\/media\/3431"}],"wp:attachment":[{"href":"https:\/\/www.newsrecorder.ro\/app\/wp-json\/wp\/v2\/media?parent=3430"}],"wp:term":[{"taxonomy":"category","embeddable":true,"href":"https:\/\/www.newsrecorder.ro\/app\/wp-json\/wp\/v2\/categories?post=3430"},{"taxonomy":"post_tag","embeddable":true,"href":"https:\/\/www.newsrecorder.ro\/app\/wp-json\/wp\/v2\/tags?post=3430"}],"curies":[{"name":"wp","href":"https:\/\/api.w.org\/{rel}","templated":true}]}}