{"id":3434,"date":"2026-02-16T22:44:10","date_gmt":"2026-02-16T22:44:10","guid":{"rendered":"https:\/\/www.newsrecorder.ro\/app\/2026\/02\/16\/csm-oradea-vs-cn-terrassa-duel-epic-in-optimile-eurocup-la-polo\/"},"modified":"2026-02-16T22:44:10","modified_gmt":"2026-02-16T22:44:10","slug":"csm-oradea-vs-cn-terrassa-duel-epic-in-optimile-eurocup-la-polo","status":"publish","type":"post","link":"https:\/\/www.newsrecorder.ro\/app\/2026\/02\/16\/csm-oradea-vs-cn-terrassa-duel-epic-in-optimile-eurocup-la-polo\/","title":{"rendered":"CSM Oradea vs CN Terrassa: Duel epic \u00een optimile EuroCup la polo!"},"content":{"rendered":"<p>Disputa dintre CSM Oradea \u0219i CN Terrassa se va desf\u0103\u0219ura \u00een dou\u0103 man\u0219e. Conform tragerii la sor\u021bi, prima confruntare va avea loc la bazinul olimpic Ioan Alexandrescu din Oradea.<\/p>\n<p>Partida este programat\u0103 pentru miercuri, 25 februarie, cel mai probabil de la ora 19:30, conform informa\u021biilor furnizate de clubul bihorean.<\/p>\n<p>Returul se va desf\u0103\u0219ura pe 7 martie, \u00een Spania, unde CSM Oradea va \u00eencerca s\u0103 \u00ee\u0219i confirme valoarea.<\/p>\n<p>CSM Oradea a ajuns \u00een aceast\u0103 faz\u0103 a competi\u021biei dup\u0103 o presta\u021bie solid\u0103 \u00een prima parte a sezonului din Champions League. Campioana Rom\u00e2niei a reu\u0219it s\u0103 adune trei puncte, termin\u00e2nd pe locul 3 \u00een grupa sa, ceea ce eviden\u021biaz\u0103 poten\u021bialul echipei.<\/p>\n<p>CN Terrassa, un club cu o tradi\u021bie \u00eendelungat\u0103 \u00een Spania, a participat \u00een aceast\u0103 sezon \u00een EuroCup, av\u00e2nd o evolu\u021bie remarcabil\u0103 \u00een faza grupelor. Echipa spaniol\u0103 a ob\u021binut patru victorii din \u0219ase meciuri, termin\u00e2nd pe locul 2 \u00een Grupa A, fiind devansat\u0103 doar de VK Jug din Croa\u021bia.<\/p>\n","protected":false},"excerpt":{"rendered":"<p>Disputa dintre CSM Oradea \u0219i CN Terrassa se va desf\u0103\u0219ura \u00een dou\u0103 man\u0219e. Conform tragerii la sor\u021bi, prima confruntare va avea loc la bazinul olimpic Ioan Alexandrescu din Oradea. Partida este programat\u0103 pentru miercuri, 25 februarie, cel mai probabil de la ora 19:30, conform informa\u021biilor furnizate de clubul bihorean. Returul se va desf\u0103\u0219ura pe 7 [&hellip;]<\/p>\n","protected":false},"author":6,"featured_media":3435,"comment_status":"open","ping_status":"open","sticky":false,"template":"","format":"standard","meta":{"jnews-multi-image_gallery":[],"jnews_single_post":[],"jnews_primary_category":[],"jnews_override_counter":[],"footnotes":""},"categories":[46],"tags":[5541,1384,5540,56,3502,2550,850,5542],"class_list":["post-3434","post","type-post","status-publish","format-standard","has-post-thumbnail","hentry","category-sport","tag-bazin-olimpic","tag-champions-league","tag-cn-terrassa","tag-competitie","tag-csm-oradea","tag-eurocup","tag-sport","tag-waterpolo"],"_links":{"self":[{"href":"https:\/\/www.newsrecorder.ro\/app\/wp-json\/wp\/v2\/posts\/3434","targetHints":{"allow":["GET"]}}],"collection":[{"href":"https:\/\/www.newsrecorder.ro\/app\/wp-json\/wp\/v2\/posts"}],"about":[{"href":"https:\/\/www.newsrecorder.ro\/app\/wp-json\/wp\/v2\/types\/post"}],"author":[{"embeddable":true,"href":"https:\/\/www.newsrecorder.ro\/app\/wp-json\/wp\/v2\/users\/6"}],"replies":[{"embeddable":true,"href":"https:\/\/www.newsrecorder.ro\/app\/wp-json\/wp\/v2\/comments?post=3434"}],"version-history":[{"count":0,"href":"https:\/\/www.newsrecorder.ro\/app\/wp-json\/wp\/v2\/posts\/3434\/revisions"}],"wp:featuredmedia":[{"embeddable":true,"href":"https:\/\/www.newsrecorder.ro\/app\/wp-json\/wp\/v2\/media\/3435"}],"wp:attachment":[{"href":"https:\/\/www.newsrecorder.ro\/app\/wp-json\/wp\/v2\/media?parent=3434"}],"wp:term":[{"taxonomy":"category","embeddable":true,"href":"https:\/\/www.newsrecorder.ro\/app\/wp-json\/wp\/v2\/categories?post=3434"},{"taxonomy":"post_tag","embeddable":true,"href":"https:\/\/www.newsrecorder.ro\/app\/wp-json\/wp\/v2\/tags?post=3434"}],"curies":[{"name":"wp","href":"https:\/\/api.w.org\/{rel}","templated":true}]}}