{"id":3440,"date":"2026-02-16T22:44:47","date_gmt":"2026-02-16T22:44:47","guid":{"rendered":"https:\/\/www.newsrecorder.ro\/app\/2026\/02\/16\/alexandru-stefanescu-pe-32-la-slalomul-de-la-milano-cortina-2026\/"},"modified":"2026-02-16T22:44:47","modified_gmt":"2026-02-16T22:44:47","slug":"alexandru-stefanescu-pe-32-la-slalomul-de-la-milano-cortina-2026","status":"publish","type":"post","link":"https:\/\/www.newsrecorder.ro\/app\/2026\/02\/16\/alexandru-stefanescu-pe-32-la-slalomul-de-la-milano-cortina-2026\/","title":{"rendered":"Alexandru \u0218tef\u0103nescu, pe 32 la slalomul de la Milano Cortina 2026!"},"content":{"rendered":"<p>Alexandru \u0218tef\u0103nescu a ob\u021binut un timp de 1:05.58 minute \u00een cadrul competi\u021biei. Acesta a \u00eencheiat man\u0219a cu un decalaj de +9.44 secunde fa\u021b\u0103 de liderul probei, norvegianul Atle Lie McGrath, care s-a impus cu un timp impresionant de 56.14 secunde.<\/p>\n<p>Pe podiumul provizoriu s-au mai clasat elve\u021bianul Loic Meillard, cu un timp de +0.59 secunde, \u0219i austriacul Fabio Gstrein, care a terminat cu +0.94 secunde.<\/p>\n<p>Din cei 95 de sportivi care au luat startul, doar 44 au reu\u0219it s\u0103 fie clasa\u021bi, iar doi dintre ei au fost descalifica\u021bi. Printre cei care nu au finalizat cursa se num\u0103r\u0103 \u0219i favorit la medalii, brazilianul Lucas Braathen.<\/p>\n<p><a href=\"https:\/\/www.mediafax.ro\/sport\/romania-are-reprezentanti-la-bob-schi-alpin-si-sarituri-cu-schiurile-in-a-10-a-zi-de-la-jocurile-olimpice-de-iarna-2026-23687410\" target=\"_blank\" rel=\"noopener\">Man\u0219a<\/a> final\u0103 este programat\u0103 s\u0103 \u00eenceap\u0103 la ora 14:30, a\u0219tept\u00e2nd cu ner\u0103bdare spectatorii \u0219i fanii sportului alb.<\/p>\n","protected":false},"excerpt":{"rendered":"<p>Alexandru \u0218tef\u0103nescu a ob\u021binut un timp de 1:05.58 minute \u00een cadrul competi\u021biei. Acesta a \u00eencheiat man\u0219a cu un decalaj de +9.44 secunde fa\u021b\u0103 de liderul probei, norvegianul Atle Lie McGrath, care s-a impus cu un timp impresionant de 56.14 secunde. Pe podiumul provizoriu s-au mai clasat elve\u021bianul Loic Meillard, cu un timp de +0.59 secunde, [&hellip;]<\/p>\n","protected":false},"author":6,"featured_media":3441,"comment_status":"open","ping_status":"open","sticky":false,"template":"","format":"standard","meta":{"jnews-multi-image_gallery":[],"jnews_single_post":[],"jnews_primary_category":[],"jnews_override_counter":[],"footnotes":""},"categories":[46],"tags":[5369,5547,56,5550,5549,5548,5551,839],"class_list":["post-3440","post","type-post","status-publish","format-standard","has-post-thumbnail","hentry","category-sport","tag-alexandru-stefanescu","tag-atle-lie-mcgrath","tag-competitie","tag-descalificati","tag-fabio-gstrein","tag-loic-meillard","tag-mansa-finala","tag-sportivi"],"_links":{"self":[{"href":"https:\/\/www.newsrecorder.ro\/app\/wp-json\/wp\/v2\/posts\/3440","targetHints":{"allow":["GET"]}}],"collection":[{"href":"https:\/\/www.newsrecorder.ro\/app\/wp-json\/wp\/v2\/posts"}],"about":[{"href":"https:\/\/www.newsrecorder.ro\/app\/wp-json\/wp\/v2\/types\/post"}],"author":[{"embeddable":true,"href":"https:\/\/www.newsrecorder.ro\/app\/wp-json\/wp\/v2\/users\/6"}],"replies":[{"embeddable":true,"href":"https:\/\/www.newsrecorder.ro\/app\/wp-json\/wp\/v2\/comments?post=3440"}],"version-history":[{"count":0,"href":"https:\/\/www.newsrecorder.ro\/app\/wp-json\/wp\/v2\/posts\/3440\/revisions"}],"wp:featuredmedia":[{"embeddable":true,"href":"https:\/\/www.newsrecorder.ro\/app\/wp-json\/wp\/v2\/media\/3441"}],"wp:attachment":[{"href":"https:\/\/www.newsrecorder.ro\/app\/wp-json\/wp\/v2\/media?parent=3440"}],"wp:term":[{"taxonomy":"category","embeddable":true,"href":"https:\/\/www.newsrecorder.ro\/app\/wp-json\/wp\/v2\/categories?post=3440"},{"taxonomy":"post_tag","embeddable":true,"href":"https:\/\/www.newsrecorder.ro\/app\/wp-json\/wp\/v2\/tags?post=3440"}],"curies":[{"name":"wp","href":"https:\/\/api.w.org\/{rel}","templated":true}]}}