{"id":3460,"date":"2026-02-17T00:09:35","date_gmt":"2026-02-17T00:09:35","guid":{"rendered":"https:\/\/www.newsrecorder.ro\/app\/2026\/02\/17\/tragedie-in-sua-trei-morti-intr-un-atac-armat-la-meciul-de-hochei\/"},"modified":"2026-02-17T00:09:35","modified_gmt":"2026-02-17T00:09:35","slug":"tragedie-in-sua-trei-morti-intr-un-atac-armat-la-meciul-de-hochei","status":"publish","type":"post","link":"https:\/\/www.newsrecorder.ro\/app\/2026\/02\/17\/tragedie-in-sua-trei-morti-intr-un-atac-armat-la-meciul-de-hochei\/","title":{"rendered":"Tragedie \u00een SUA: Trei mor\u021bi \u00eentr-un atac armat la meciul de hochei"},"content":{"rendered":"<p>Anun\u021bul privind incidentul a fost f\u0103cut de Tina Goncalves, comisarul \u0219ef de poli\u021bie din Pawtucket, Rhode Island. Aceasta a declarat c\u0103 \u201ese pare c\u0103 a fost un eveniment \u021bintit, posibil \u00een urma unei dispute familiale\u201d, conform unei declara\u021bii citate de Associated Press.<\/p>\n<p>De\u0219i oficialii nu au dezv\u0103luit identitatea suspectului sau v\u00e2rsta exact\u0103 a victimelor, s-a men\u021bionat c\u0103 persoanele ucise par s\u0103 fi fost adul\u021bi. Ancheta este \u00een plin\u0103 desf\u0103\u0219urare, iar autorit\u0103\u021bile colaboreaz\u0103 cu martorii pentru a reconstitui desf\u0103\u0219urarea evenimentelor.<\/p>\n<p>Incidentul a avut loc la Dennis M. Lynch Arena, care se afl\u0103 la c\u00e2\u021biva kilometri de Providence, capitala statului Rhode Island.<\/p>\n<p>\u00cen urma atacului, drumurile din jurul arenei au fost \u00eenchise, iar un num\u0103r semnificativ de ofi\u021beri de poli\u021bie a r\u0103mas la fa\u021ba locului, \u00een timp ce elicoptere survolau zona pentru a monitoriza situa\u021bia.<\/p>\n<p>Biroul Federal de Investiga\u021bii a declarat c\u0103 atacatorul nu mai reprezint\u0103 \u201enicio amenin\u021bare iminent\u0103 la adresa siguran\u021bei publice\u201d. Guvernatorul statului, Dan McKee, a transmis un mesaj de condolean\u021be, afirm\u00e2nd: \u201eM\u0103 rog pentru Pawtucket \u0219i pentru to\u021bi cei implica\u021bi\u201d.<\/p>\n","protected":false},"excerpt":{"rendered":"<p>Anun\u021bul privind incidentul a fost f\u0103cut de Tina Goncalves, comisarul \u0219ef de poli\u021bie din Pawtucket, Rhode Island. Aceasta a declarat c\u0103 \u201ese pare c\u0103 a fost un eveniment \u021bintit, posibil \u00een urma unei dispute familiale\u201d, conform unei declara\u021bii citate de Associated Press. De\u0219i oficialii nu au dezv\u0103luit identitatea suspectului sau v\u00e2rsta exact\u0103 a victimelor, s-a [&hellip;]<\/p>\n","protected":false},"author":2,"featured_media":3461,"comment_status":"open","ping_status":"open","sticky":false,"template":"","format":"standard","meta":{"jnews-multi-image_gallery":[],"jnews_single_post":[],"jnews_primary_category":[],"jnews_override_counter":[],"footnotes":""},"categories":[41],"tags":[817,5581,5582,1355,5579,505,5580,694],"class_list":["post-3460","post","type-post","status-publish","format-standard","has-post-thumbnail","hentry","category-externe","tag-ancheta","tag-dispute-familiale","tag-elicoptere","tag-incident","tag-pawtucket","tag-politie","tag-rhode-island","tag-victime"],"_links":{"self":[{"href":"https:\/\/www.newsrecorder.ro\/app\/wp-json\/wp\/v2\/posts\/3460","targetHints":{"allow":["GET"]}}],"collection":[{"href":"https:\/\/www.newsrecorder.ro\/app\/wp-json\/wp\/v2\/posts"}],"about":[{"href":"https:\/\/www.newsrecorder.ro\/app\/wp-json\/wp\/v2\/types\/post"}],"author":[{"embeddable":true,"href":"https:\/\/www.newsrecorder.ro\/app\/wp-json\/wp\/v2\/users\/2"}],"replies":[{"embeddable":true,"href":"https:\/\/www.newsrecorder.ro\/app\/wp-json\/wp\/v2\/comments?post=3460"}],"version-history":[{"count":0,"href":"https:\/\/www.newsrecorder.ro\/app\/wp-json\/wp\/v2\/posts\/3460\/revisions"}],"wp:featuredmedia":[{"embeddable":true,"href":"https:\/\/www.newsrecorder.ro\/app\/wp-json\/wp\/v2\/media\/3461"}],"wp:attachment":[{"href":"https:\/\/www.newsrecorder.ro\/app\/wp-json\/wp\/v2\/media?parent=3460"}],"wp:term":[{"taxonomy":"category","embeddable":true,"href":"https:\/\/www.newsrecorder.ro\/app\/wp-json\/wp\/v2\/categories?post=3460"},{"taxonomy":"post_tag","embeddable":true,"href":"https:\/\/www.newsrecorder.ro\/app\/wp-json\/wp\/v2\/tags?post=3460"}],"curies":[{"name":"wp","href":"https:\/\/api.w.org\/{rel}","templated":true}]}}